{"id":144527,"date":"2024-05-02T13:55:03","date_gmt":"2024-05-02T16:55:03","guid":{"rendered":"https:\/\/corrientesdetarde.com\/?p=144527"},"modified":"2024-05-02T13:55:15","modified_gmt":"2024-05-02T16:55:15","slug":"sargento-ayudante-alexis-antonio-nicolas-urquidiz-q-e-p-d","status":"publish","type":"post","link":"https:\/\/corrientesdetarde.com\/index.php\/policiales\/sargento-ayudante-alexis-antonio-nicolas-urquidiz-q-e-p-d\/","title":{"rendered":"SARGENTO AYUDANTE ALEXIS ANTONIO NICOLAS URQUIDIZ  Q.E.P.D."},"content":{"rendered":"\n<p>La Polic\u00eda de Corrientes despide con dolor al maestro de la Banda de M\u00fasica, sargento<br>Alexis Antonio Nicol\u00e1s Urquidiz fallecido por problemas de salud este jueves 2 de mayo.<br>El ministro de Seguridad Buenaventura Duarte, el subsecretario de Seguridad \u00ae Osvaldo<br>de los Santos Garc\u00eda, el jefe de la Polic\u00eda Dr. Alberto Arnaldo Molina, el subjefe comisario<br>general Jorge Andr\u00e9s Cristaldo y directores generales integrantes del Estado Mayor Policial,<br>env\u00edan un p\u00e9same a sus familiares.<br>Tambi\u00e9n suman sus condolencias personal superior y subalterno de la Instituci\u00f3n tanto en<br>actividad como en situaci\u00f3n de retiro y de manera muy especial el director y los miembros de la<br>Banda de M\u00fasica de la Polic\u00eda de Corrientes.<br>El suboficial cumpli\u00f3 un rol destacado en ese cuerpo, en el cual, estuvo en algunas<br>ocasiones de manera provisoria a cargo musicalmente.<br>Sus restos ser\u00e1n velados en el Sal\u00f3n Gloriam de Cocher\u00eda del Paran\u00e1, ubicado en la<br>avenida Independencia 4715, entre Gasc\u00f3n y S\u00e1enz, desde las 12 de este 2 de mayo, hasta las 9<br>del viernes 3 de mayo, cuando sus restos ser\u00e1n inhumados.<\/p>\n","protected":false},"excerpt":{"rendered":"<p>La Polic\u00eda de Corrientes despide con dolor al maestro de la Banda de M\u00fasica, sargentoAlexis Antonio Nicol\u00e1s Urquidiz fallecido por problemas de salud este jueves 2 de mayo.El ministro de&hellip; <\/p>\n","protected":false},"author":8,"featured_media":144528,"comment_status":"closed","ping_status":"open","sticky":false,"template":"","format":"standard","meta":{"footnotes":""},"categories":[33],"tags":[],"class_list":["post-144527","post","type-post","status-publish","format-standard","has-post-thumbnail","hentry","category-policiales"],"_links":{"self":[{"href":"https:\/\/corrientesdetarde.com\/index.php\/wp-json\/wp\/v2\/posts\/144527","targetHints":{"allow":["GET"]}}],"collection":[{"href":"https:\/\/corrientesdetarde.com\/index.php\/wp-json\/wp\/v2\/posts"}],"about":[{"href":"https:\/\/corrientesdetarde.com\/index.php\/wp-json\/wp\/v2\/types\/post"}],"author":[{"embeddable":true,"href":"https:\/\/corrientesdetarde.com\/index.php\/wp-json\/wp\/v2\/users\/8"}],"replies":[{"embeddable":true,"href":"https:\/\/corrientesdetarde.com\/index.php\/wp-json\/wp\/v2\/comments?post=144527"}],"version-history":[{"count":1,"href":"https:\/\/corrientesdetarde.com\/index.php\/wp-json\/wp\/v2\/posts\/144527\/revisions"}],"predecessor-version":[{"id":144529,"href":"https:\/\/corrientesdetarde.com\/index.php\/wp-json\/wp\/v2\/posts\/144527\/revisions\/144529"}],"wp:featuredmedia":[{"embeddable":true,"href":"https:\/\/corrientesdetarde.com\/index.php\/wp-json\/wp\/v2\/media\/144528"}],"wp:attachment":[{"href":"https:\/\/corrientesdetarde.com\/index.php\/wp-json\/wp\/v2\/media?parent=144527"}],"wp:term":[{"taxonomy":"category","embeddable":true,"href":"https:\/\/corrientesdetarde.com\/index.php\/wp-json\/wp\/v2\/categories?post=144527"},{"taxonomy":"post_tag","embeddable":true,"href":"https:\/\/corrientesdetarde.com\/index.php\/wp-json\/wp\/v2\/tags?post=144527"}],"curies":[{"name":"wp","href":"https:\/\/api.w.org\/{rel}","templated":true}]}}