{"id":144530,"date":"2024-05-02T14:03:18","date_gmt":"2024-05-02T17:03:18","guid":{"rendered":"https:\/\/corrientesdetarde.com\/?p=144530"},"modified":"2024-05-02T14:18:08","modified_gmt":"2024-05-02T17:18:08","slug":"el-gobierno-avanza-en-el-ingreso-de-la-argentina-a-la-ocde-recibio-la-hoja-de-ruta-para-su-incorporacion","status":"publish","type":"post","link":"https:\/\/corrientesdetarde.com\/index.php\/economia\/el-gobierno-avanza-en-el-ingreso-de-la-argentina-a-la-ocde-recibio-la-hoja-de-ruta-para-su-incorporacion\/","title":{"rendered":"El Gobierno avanza en el ingreso de la Argentina a la OCDE: recibi\u00f3 \u201cla hoja de ruta\u201d para su incorporaci\u00f3n"},"content":{"rendered":"\n<p>La canciller Diana Mondino particip\u00f3 de la ceremonia en Par\u00eds en que se dio por formalizado el proceso. El pa\u00eds deber\u00e1 atravesar la evaluaci\u00f3n de 26 comit\u00e9s. El ingreso puede demorar 8 a\u00f1os.<\/p>\n\n\n\n<p><a href=\"https:\/\/tn.com.ar\/autor\/palopez\/\"><\/a>El Gobierno avanz\u00f3 este jueves un<strong>&nbsp;paso m\u00e1s en el proceso para ingresar&nbsp;<\/strong>a la Organizaci\u00f3n para la Cooperaci\u00f3n y el Desarrollo Econ\u00f3micos (<strong>OCDE<\/strong>). En Par\u00eds, como parte de la asamblea anual de ese organismo, su secretario general,&nbsp;<strong>Mathias Cormann<\/strong>, le entreg\u00f3 a la&nbsp;<strong>canciller Diana Mondino&nbsp;<\/strong>la<strong>&nbsp;\u201choja de ruta para la adhesi\u00f3n\u201d.<\/strong><\/p>\n\n\n\n<p>La ceremonia&nbsp;<strong>marca el inicio formal hacia la incorporaci\u00f3n del pa\u00eds<\/strong>&nbsp;a esa entidad, que re\u00fane a 38 pa\u00edses relevantes, que originan el 75% de la inversi\u00f3n y el 60% del comercio global. La OCDE apunta a mejores pr\u00e1cticas y est\u00e1ndares internacionales para las pol\u00edticas p\u00fablicas.<\/p>\n\n\n\n<p>La canciller expres\u00f3&nbsp;<strong>el<\/strong>&nbsp;<strong>agradecimiento y la satisfacci\u00f3n que representa para la Argentina&nbsp;<\/strong>el inicio del proceso y remarc\u00f3 que la gesti\u00f3n Milei quiere \u201chacer foco en un sistema basado en reglas, no solo para un mayor bienestar de nuestros ciudadanos, sino para consolidar la agenda por la libertad que Argentina est\u00e1 llevando adelante en estos momentos\u201d.<\/p>\n\n\n\n<p>\u201cQueremos llevar adelante una rigurosa coordinaci\u00f3n como lo pide la OCDE en este proceso y esperamos tener as\u00ed&nbsp;<strong>un cambio cualitativo en mejores pol\u00edticas p\u00fablicas<\/strong>&nbsp;que nuestro pa\u00eds necesita. Como una democracia y como miembro de una comunidad de democracias, esperamos tener un di\u00e1logo fruct\u00edfero con otros pa\u00edses miembros de la organizaci\u00f3n sobre buenas pol\u00edticas p\u00fablicas provenientes de la OCDE\u201d, puntualiz\u00f3.<\/p>\n\n\n\n<p>El<strong>&nbsp;ingreso definitivo de la Argentina no ser\u00e1 inmediato<\/strong>: debe someterse a todos los est\u00e1ndares de la OCDE y a un proceso de evaluaciones \u201cmuy exigente\u201d en el que participan 26 comit\u00e9s sobre cuestiones econ\u00f3micas, sociales, institucionales y ambientales, explic\u00f3<strong>&nbsp;Marcelo Scaglione<\/strong>, quien lider\u00f3 el proceso en el gobierno de Mauricio Macri, en 2016. Por eso, se estima que puede tomar unos ocho a\u00f1os terminar ser miembro.<\/p>\n\n\n\n<figure class=\"wp-block-image\"><img decoding=\"async\" src=\"https:\/\/tn.com.ar\/resizer\/DhRQYmFJzMFqzsKPkPkyEoEW38k=\/767x0\/smart\/filters:format(webp)\/cloudfront-us-east-1.images.arcpublishing.com\/artear\/VSC373YQUFHB7KJWTWK4NCM7DI.jpg\" alt=\"El secretario general de la OCDE, Mathias Cormann, le entreg\u00f3 a la canciller Diana Mondino la \u201choja de ruta para la adhesi\u00f3n\u201d. (Foto: Canciller\u00eda)\"\/><\/figure>\n\n\n\n<p>\u201cTenemos&nbsp;<strong>un largo camino por delante\u201d<\/strong>, dijo Scaglione. A\u00f1adi\u00f3 que Chile complet\u00f3 esas evaluaciones en 6 a\u00f1os y Colombia lo hizo en ocho.&nbsp;<strong>Per\u00fa y Brasil,<\/strong>&nbsp;est\u00e1n completando etapas y el Gobierno ya mantiene contactos para facilitar el proceso.<\/p>\n\n\n\n<p>El especialista enfatiz\u00f3 que \u201ceste proceso que<strong>&nbsp;constituye una herramienta estrat\u00e9gica para que Argentina<\/strong>&nbsp;pase de ser una econom\u00eda emergente y subdesarrollada y&nbsp;<strong>se convierta en un pa\u00eds desarrollado y completamente integrado al mundo de ac\u00e1 a 25 a\u00f1os\u201d<\/strong>.<\/p>\n\n\n\n<h2 class=\"wp-block-heading\">El largo camino para ingresar a la OCDE<\/h2>\n\n\n\n<p>Macri hab\u00eda pedido la incorporaci\u00f3n de la Argentina a la OCDE en marzo de 2016, pero esa intenci\u00f3n no continu\u00f3 durante el mandato de Alberto Fern\u00e1ndez, pese a que la invitaci\u00f3n para adherirse al organismo se formaliz\u00f3 a fines de enero de 2022.<\/p>\n\n\n\n<p>Con la llegada de<strong>&nbsp;Javier Milei&nbsp;<\/strong>a la Casa Rosada,&nbsp;<strong>pertenecer a la OCDE se tom\u00f3 como prioridad<\/strong>, por lo que el gobierno retom\u00f3 los contactos y firm\u00f3 la carta de aceptaci\u00f3n que ahora habilit\u00f3 el proceso de inscripci\u00f3n.<\/p>\n\n\n\n<p>A fines de enero, esa misiva fue recepcionada por el Consejo de Ministros de la OCDE. Este jueves, finalmente, se aprob\u00f3 la hoja de ruta definitiva para el proceso durante el encuentro anual de la entidad, que se extiende hasta este viernes en la capital francesa. Mondino, adem\u00e1s de recibir la confirmaci\u00f3n del proceso, mantuvo un encuentro bilateral con&nbsp;<strong>Mathias Cormann<\/strong>, secretario general de la OCDE.<\/p>\n","protected":false},"excerpt":{"rendered":"<p>La canciller Diana Mondino particip\u00f3 de la ceremonia en Par\u00eds en que se dio por formalizado el proceso. El pa\u00eds deber\u00e1 atravesar la evaluaci\u00f3n de 26 comit\u00e9s. El ingreso puede&hellip; <\/p>\n","protected":false},"author":8,"featured_media":144531,"comment_status":"closed","ping_status":"open","sticky":false,"template":"","format":"standard","meta":{"footnotes":""},"categories":[20],"tags":[],"class_list":["post-144530","post","type-post","status-publish","format-standard","has-post-thumbnail","hentry","category-economia"],"_links":{"self":[{"href":"https:\/\/corrientesdetarde.com\/index.php\/wp-json\/wp\/v2\/posts\/144530","targetHints":{"allow":["GET"]}}],"collection":[{"href":"https:\/\/corrientesdetarde.com\/index.php\/wp-json\/wp\/v2\/posts"}],"about":[{"href":"https:\/\/corrientesdetarde.com\/index.php\/wp-json\/wp\/v2\/types\/post"}],"author":[{"embeddable":true,"href":"https:\/\/corrientesdetarde.com\/index.php\/wp-json\/wp\/v2\/users\/8"}],"replies":[{"embeddable":true,"href":"https:\/\/corrientesdetarde.com\/index.php\/wp-json\/wp\/v2\/comments?post=144530"}],"version-history":[{"count":2,"href":"https:\/\/corrientesdetarde.com\/index.php\/wp-json\/wp\/v2\/posts\/144530\/revisions"}],"predecessor-version":[{"id":144546,"href":"https:\/\/corrientesdetarde.com\/index.php\/wp-json\/wp\/v2\/posts\/144530\/revisions\/144546"}],"wp:featuredmedia":[{"embeddable":true,"href":"https:\/\/corrientesdetarde.com\/index.php\/wp-json\/wp\/v2\/media\/144531"}],"wp:attachment":[{"href":"https:\/\/corrientesdetarde.com\/index.php\/wp-json\/wp\/v2\/media?parent=144530"}],"wp:term":[{"taxonomy":"category","embeddable":true,"href":"https:\/\/corrientesdetarde.com\/index.php\/wp-json\/wp\/v2\/categories?post=144530"},{"taxonomy":"post_tag","embeddable":true,"href":"https:\/\/corrientesdetarde.com\/index.php\/wp-json\/wp\/v2\/tags?post=144530"}],"curies":[{"name":"wp","href":"https:\/\/api.w.org\/{rel}","templated":true}]}}