{"id":14469,"date":"2022-10-25T17:17:46","date_gmt":"2022-10-25T20:17:46","guid":{"rendered":"https:\/\/corrientesdetarde.com\/?p=14469"},"modified":"2022-10-25T17:17:52","modified_gmt":"2022-10-25T20:17:52","slug":"la-preocupacion-de-l-gante-por-su-hija-a-raiz-de-la-detencion-de-despre-el-nuevo-novio-de-tamara-baez-vamos-a-tomar-medias-judiciales","status":"publish","type":"post","link":"https:\/\/corrientesdetarde.com\/index.php\/espectaculos\/la-preocupacion-de-l-gante-por-su-hija-a-raiz-de-la-detencion-de-despre-el-nuevo-novio-de-tamara-baez-vamos-a-tomar-medias-judiciales\/","title":{"rendered":"La preocupaci\u00f3n de L-Gante por su hija a ra\u00edz de la detenci\u00f3n de Despre, el nuevo novio de Tamara B\u00e1ez: &#8220;Vamos a tomar medias judiciales&#8221;"},"content":{"rendered":"\n<p>El cantante se angusti\u00f3 por saber que su hija ha estado cerca de alguien que portaba un arma. Mir\u00e1.<\/p>\n\n\n\n<p><strong>L-Gante\u00a0<\/strong>tiene un nuevo conflicto en su vida personal con la detenci\u00f3n de\u00a0<strong>Javier\u00a0<\/strong>\u201c<em><strong>Despre<\/strong><\/em>\u201d<strong>\u00a0Despreb\u00edteris<\/strong>, la nueva pareja de su ex,\u00a0<strong>Tamara B\u00e1ez<\/strong>.<\/p>\n\n\n\n<p>Este martes, el cantante asisti\u00f3 a la fiscal\u00eda a una audiencia por la causa de\u00a0su pelea con Christian Manzanelli ex representante de Jao Cabrera por lo cual, el cronista de\u00a0<em>Socios del Espect\u00e1culo<\/em>\u00a0(El Trece), Santiago Riva Roy, pudo conversar con el abogado\u00a0<strong>Alejandro Cipolla\u00a0<\/strong>sobre la aprehensi\u00f3n de\u00a0<strong>Despre\u00a0<\/strong>y el letrado de\u00a0<strong>L-Gante<\/strong>\u00a0ofreci\u00f3 su punto de vista:\u00a0&#8220;<strong>No deber\u00eda quedar en libertad porque la pena en cuesti\u00f3n es de 3 a\u00f1os y seis meses de m\u00ednima, es decir, no es un delito excarcelable. Podr\u00eda haber sido un desastre<\/strong>&#8220;.<\/p>\n\n\n\n<p>Asimismo,&nbsp;<strong>Cipolla<\/strong>&nbsp;revel\u00f3 la angustia de<strong>&nbsp;L-Gante<\/strong>&nbsp;ante esta situaci\u00f3n: &#8220;<strong>Hoy lo habl\u00e9 con Eli\u00e1n y est\u00e1 bastante preocupado por este tema. \u00c9l se muestra dentro de la casa, se muestra con su beb\u00e9&#8230;<\/strong>&#8220;. De igual manera,&nbsp;<strong>Alejandro<\/strong>&nbsp;confirm\u00f3 que este hecho&nbsp;podr\u00eda tener consecuencias legales<strong>&nbsp;Tamara<\/strong>: &#8220;<strong>La verdad es que vamos a tener que tomar medias judiciales respecto de este tema. Me pareci\u00f3 una locura, cuando se lo acusaba que mi cliente era el violento, al final result\u00f3 que las cosas se dan vuelta<\/strong>&#8220;.<\/p>\n\n\n\n<h2 class=\"wp-block-heading\">El nuevo novio de Tamara B\u00e1ez, Despre, fue detenido en un boliche de Tigre<\/h2>\n\n\n\n<p>La madre de la hija de\u00a0L-Gante, Tamara se enfrenta nuevamente un conflicto que tiene que ver con el amor,\u00a0<strong>Javier\u00a0<\/strong>\u201c<em><strong>Despre<\/strong><\/em>\u201d<strong>\u00a0Despreb\u00edteris<\/strong>, su nueva pareja, fue detenido en la madrugada de este martes.<\/p>\n\n\n\n<p>La informaci\u00f3n fue divulgada por el periodista<strong>\u00a0Mauro Szeta\u00a0<\/strong>en su cuenta de Twitter: &#8220;<strong>Detuvieron al novio de la ex de L-Gante: quiso entrar a un boliche con un arma<\/strong>&#8220;.<\/p>\n\n\n\n<p>De igual manera,\u00a0<strong>Szeta<\/strong>\u00a0cont\u00f3 en d\u00f3nde se dio la detenci\u00f3n de\u00a0<strong>Despreb\u00edteris<\/strong>\u00a0y cu\u00e1l era el arma que portaba en el momento:\u00a0&#8220;<strong>Ocurri\u00f3 en &#8216;Cherry&#8217;, un local bailable en Tigre. A Javier Despreb\u00edteris le secuestraron una pistola 9 semiautom\u00e1tica (y 16 balas)<\/strong>&#8220;.<\/p>\n\n\n\n<p>Por su parte,<strong>\u00a0Pampa M\u00f3naco<\/strong>\u00a0comparti\u00f3 im\u00e1genes exclusivas de la detenci\u00f3n de m\u00fasico y cont\u00f3 en\u00a0<em>Nosotros a la Ma\u00f1ana\u00a0<\/em>(El Trece) que el arma\u00a0&#8220;<strong>no tiene pedido de secuestro, por ende, es un arma legal, pero \u00e9l no ten\u00eda la documentaci\u00f3n. \u00c9l no es portador, ni es leg\u00edtimo usuario<\/strong>&#8220;.<\/p>\n\n\n\n<p>Asimismo, el periodista asegur\u00f3 que la detenci\u00f3n se dio porque Despre estaba alardeando en el boliche de Tigre su pistola y agreg\u00f3: &#8220;<strong>Deber\u00eda quedar detenido, no es un delito excarcelable tener un arma de guerra, por tenencia de arma de guerra podr\u00eda ir preso de 3 a 6 a\u00f1os, si no tiene antecedentes penales, probablemente, sea liberado de aqu\u00ed a un par de d\u00edas<\/strong>&#8220;.<\/p>\n\n\n\n<h2 class=\"wp-block-heading\">Qui\u00e9n es nuevo novio de Tamara B\u00e1ez<\/h2>\n\n\n\n<p>Tras hacer fuertes denuncias contra\u00a0<strong>L-Gante\u00a0<\/strong>y exponer su dolor por la ruptura de su familia,\u00a0<strong>Tamara<\/strong>\u00a0no dud\u00f3 en exponer en su cuenta de Instagram, qui\u00e9n se hab\u00eda ganado su coraz\u00f3n. Se trata de\u00a0<strong>Javier\u00a0<\/strong>\u201c<em><strong>Despre<\/strong><\/em>\u201d<strong>\u00a0Despreb\u00edteris<\/strong>, un joven oriundo de Lomas de Zamora que ingres\u00f3 en\u00a0la movida musical hace m\u00e1s de un a\u00f1o.<\/p>\n\n\n\n<p>En una entrevista con el portal<em>&nbsp;V\u00eda Urbano<\/em>, el nuevo amor de&nbsp;<strong>Tamara<\/strong>&nbsp;cont\u00f3 que la m\u00fasica siempre ha sido uno de sus intereses y que lo que lo lleg\u00f3 a convertirse en un artista de&nbsp;rkt, fue ser espectador y seguidor de competencias de&nbsp;<em>freestyle&nbsp;<\/em>y<em>&nbsp;<\/em>el audio del boom-bap.&nbsp;&#8220;<strong>El nombre art\u00edstico viene de parte de mi apellido, mis compa\u00f1eros me empezaron a decir&nbsp;Despre&nbsp;porque se les complicaba<\/strong>\u201d, asegur\u00f3&nbsp;<strong>Despre<\/strong>.<\/p>\n\n\n\n<p>&#8220;Escrib\u00eda y hac\u00eda boom bap; fue a los 12 a\u00f1os, cuando empezaron las compes de rap. No era tanto de competir, porque no me hac\u00edan la segunda, fue cuando empezaron<strong>&nbsp;Dtoke<\/strong>,&nbsp;<strong>Sony<\/strong>&nbsp;y otros. Ah\u00ed arranqu\u00e9 a tirar free y empec\u00e9 a sacar mis temas\u201d, explic\u00f3 el novio de Tamara. &#8220;Tumbando la brea rkt\u201d,&nbsp;\u201cMalla y calor\u201d y&nbsp;\u201cAnti Sapo rkt\u201d son algunos de los temas de Despre.&nbsp;<\/p>\n\n\n\n<p>Adem\u00e1s, el cantante se confes\u00f3 fan\u00e1tico de<strong>\u00a0L-Gante<\/strong>: &#8220;<strong>Fue el que dio la cara por el g\u00e9nero, est\u00e1 saliendo mucha gente nueva gracias a \u00e9l. Se le da mucho valor al creador. Fueron muy de frente con la cumbia 420 sacando tema tras tema hasta que rompes la pi\u00f1ata<\/strong>&#8220;.<\/p>\n\n\n\n<figure class=\"wp-block-image size-full\"><img loading=\"lazy\" decoding=\"async\" width=\"900\" height=\"505\" src=\"https:\/\/corrientesdetarde.com\/wp-content\/uploads\/2022\/10\/image-325.png\" alt=\"\" class=\"wp-image-14470\" srcset=\"https:\/\/corrientesdetarde.com\/wp-content\/uploads\/2022\/10\/image-325.png 900w, https:\/\/corrientesdetarde.com\/wp-content\/uploads\/2022\/10\/image-325-300x168.png 300w, https:\/\/corrientesdetarde.com\/wp-content\/uploads\/2022\/10\/image-325-768x431.png 768w\" sizes=\"auto, (max-width: 900px) 100vw, 900px\" \/><\/figure>\n","protected":false},"excerpt":{"rendered":"<p>El cantante se angusti\u00f3 por saber que su hija ha estado cerca de alguien que portaba un arma. Mir\u00e1. L-Gante\u00a0tiene un nuevo conflicto en su vida personal con la detenci\u00f3n&hellip; <\/p>\n","protected":false},"author":8,"featured_media":14471,"comment_status":"closed","ping_status":"open","sticky":false,"template":"","format":"standard","meta":{"footnotes":""},"categories":[19],"tags":[],"class_list":["post-14469","post","type-post","status-publish","format-standard","has-post-thumbnail","hentry","category-espectaculos"],"_links":{"self":[{"href":"https:\/\/corrientesdetarde.com\/index.php\/wp-json\/wp\/v2\/posts\/14469","targetHints":{"allow":["GET"]}}],"collection":[{"href":"https:\/\/corrientesdetarde.com\/index.php\/wp-json\/wp\/v2\/posts"}],"about":[{"href":"https:\/\/corrientesdetarde.com\/index.php\/wp-json\/wp\/v2\/types\/post"}],"author":[{"embeddable":true,"href":"https:\/\/corrientesdetarde.com\/index.php\/wp-json\/wp\/v2\/users\/8"}],"replies":[{"embeddable":true,"href":"https:\/\/corrientesdetarde.com\/index.php\/wp-json\/wp\/v2\/comments?post=14469"}],"version-history":[{"count":1,"href":"https:\/\/corrientesdetarde.com\/index.php\/wp-json\/wp\/v2\/posts\/14469\/revisions"}],"predecessor-version":[{"id":14472,"href":"https:\/\/corrientesdetarde.com\/index.php\/wp-json\/wp\/v2\/posts\/14469\/revisions\/14472"}],"wp:featuredmedia":[{"embeddable":true,"href":"https:\/\/corrientesdetarde.com\/index.php\/wp-json\/wp\/v2\/media\/14471"}],"wp:attachment":[{"href":"https:\/\/corrientesdetarde.com\/index.php\/wp-json\/wp\/v2\/media?parent=14469"}],"wp:term":[{"taxonomy":"category","embeddable":true,"href":"https:\/\/corrientesdetarde.com\/index.php\/wp-json\/wp\/v2\/categories?post=14469"},{"taxonomy":"post_tag","embeddable":true,"href":"https:\/\/corrientesdetarde.com\/index.php\/wp-json\/wp\/v2\/tags?post=14469"}],"curies":[{"name":"wp","href":"https:\/\/api.w.org\/{rel}","templated":true}]}}