{"id":14474,"date":"2022-10-25T17:30:01","date_gmt":"2022-10-25T20:30:01","guid":{"rendered":"https:\/\/corrientesdetarde.com\/?p=14474"},"modified":"2022-10-25T17:30:04","modified_gmt":"2022-10-25T20:30:04","slug":"lula-afirmo-que-no-se-presentara-a-la-reeleccion-si-gana-el-domingo","status":"publish","type":"post","link":"https:\/\/corrientesdetarde.com\/index.php\/internacionales\/lula-afirmo-que-no-se-presentara-a-la-reeleccion-si-gana-el-domingo\/","title":{"rendered":"Lula afirm\u00f3 que no se presentar\u00e1 a la reelecci\u00f3n si gana el domingo"},"content":{"rendered":"\n<p><a href=\"javascript:void(0);\"><\/a>&#8220;De ser electo, ser\u00e9 presidente por un per\u00edodo. Los l\u00edderes se hacen trabajando, en su compromiso con la poblaci\u00f3n&#8221;, asegur\u00f3 el exmandatario en sus redes sociales a d\u00edas del balotaje con Bolsonaro.<\/p>\n\n\n\n<p>El expresidente y candidato del Partido de los Trabajadores (PT) en las elecciones de Brasil, Luiz In\u00e1cio Lula da Silva, insisti\u00f3 este martes en que no se presentar\u00e1 a un nuevo mandato en 2026 en caso de proclamarse vencedor en la segunda vuelta de los comicios del pr\u00f3ximo 30 de octubre.<\/p>\n\n\n\n<p><strong>&#8220;De ser electo, ser\u00e9 presidente por un per\u00edodo. Los l\u00edderes se hacen trabajando, en su compromiso con la poblaci\u00f3n&#8221;<\/strong>, asegur\u00f3 Lula en su perfil oficial de la red social Twitter, cuando apenas restan cuatro d\u00edas para la celebraci\u00f3n de la segunda vuelta.<\/p>\n\n\n\n<p>Esta es la sexta ocasi\u00f3n en la que Lula se presenta a unas elecciones, de las que sali\u00f3 vencedor en 2002 y 2006.<\/p>\n\n\n\n<p>En las tres elecciones previas -1998, 1994 y 1989- el l\u00edder izquierdista se vio superado por Fernando Collor de Mello y por Fernando Henrique Cardoso en dos ocasiones.<\/p>\n\n\n\n<p>Las encuestas vaticinan una estrecha victoria de Lula sobre su oponente, el actual presidente de Brasil, Jair Bolsonaro. Los informes apuntan a que el l\u00edder del PT obtendr\u00eda el 49 por ciento de los votos frente al 45% que recabar\u00eda Bolsonaro.<\/p>\n\n\n\n<p>El dirigente de izquierda confirma as\u00ed su tendencia al alza y entra en las \u00faltimas jornadas antes de la elecci\u00f3n habiendo recortado una distancia notoria respecto a su adversario, que sali\u00f3 de la primera ronda con las encuestas muy a su favor.<\/p>\n\n\n\n<p>En la primera vuelta, el domingo 2 de octubre, Lula obtuvo algo m\u00e1s del 48 por ciento de los votos, mientras que Bolsonaro super\u00f3 ligeramente el 43%.<\/p>\n\n\n\n<p>En tercer lugar, Simone Tebet, nueva aliada de Lula para la segunda vuelta, obtuvo el 4,2 por ciento de los apoyos.<\/p>\n","protected":false},"excerpt":{"rendered":"<p>&#8220;De ser electo, ser\u00e9 presidente por un per\u00edodo. Los l\u00edderes se hacen trabajando, en su compromiso con la poblaci\u00f3n&#8221;, asegur\u00f3 el exmandatario en sus redes sociales a d\u00edas del balotaje&hellip; <\/p>\n","protected":false},"author":8,"featured_media":14475,"comment_status":"closed","ping_status":"open","sticky":false,"template":"","format":"standard","meta":{"footnotes":""},"categories":[11],"tags":[],"class_list":["post-14474","post","type-post","status-publish","format-standard","has-post-thumbnail","hentry","category-internacionales"],"_links":{"self":[{"href":"https:\/\/corrientesdetarde.com\/index.php\/wp-json\/wp\/v2\/posts\/14474","targetHints":{"allow":["GET"]}}],"collection":[{"href":"https:\/\/corrientesdetarde.com\/index.php\/wp-json\/wp\/v2\/posts"}],"about":[{"href":"https:\/\/corrientesdetarde.com\/index.php\/wp-json\/wp\/v2\/types\/post"}],"author":[{"embeddable":true,"href":"https:\/\/corrientesdetarde.com\/index.php\/wp-json\/wp\/v2\/users\/8"}],"replies":[{"embeddable":true,"href":"https:\/\/corrientesdetarde.com\/index.php\/wp-json\/wp\/v2\/comments?post=14474"}],"version-history":[{"count":1,"href":"https:\/\/corrientesdetarde.com\/index.php\/wp-json\/wp\/v2\/posts\/14474\/revisions"}],"predecessor-version":[{"id":14476,"href":"https:\/\/corrientesdetarde.com\/index.php\/wp-json\/wp\/v2\/posts\/14474\/revisions\/14476"}],"wp:featuredmedia":[{"embeddable":true,"href":"https:\/\/corrientesdetarde.com\/index.php\/wp-json\/wp\/v2\/media\/14475"}],"wp:attachment":[{"href":"https:\/\/corrientesdetarde.com\/index.php\/wp-json\/wp\/v2\/media?parent=14474"}],"wp:term":[{"taxonomy":"category","embeddable":true,"href":"https:\/\/corrientesdetarde.com\/index.php\/wp-json\/wp\/v2\/categories?post=14474"},{"taxonomy":"post_tag","embeddable":true,"href":"https:\/\/corrientesdetarde.com\/index.php\/wp-json\/wp\/v2\/tags?post=14474"}],"curies":[{"name":"wp","href":"https:\/\/api.w.org\/{rel}","templated":true}]}}