{"id":144749,"date":"2024-05-03T17:44:52","date_gmt":"2024-05-03T20:44:52","guid":{"rendered":"https:\/\/corrientesdetarde.com\/?p=144749"},"modified":"2024-05-03T17:45:04","modified_gmt":"2024-05-03T20:45:04","slug":"ferrari-presento-su-nueva-joya-de-830-caballos","status":"publish","type":"post","link":"https:\/\/corrientesdetarde.com\/index.php\/informacion-general\/ferrari-presento-su-nueva-joya-de-830-caballos\/","title":{"rendered":"Ferrari present\u00f3 su nueva joya de 830 caballos."},"content":{"rendered":"\n<h2 class=\"wp-block-heading\">Se llama 12Cilindri y estar\u00e1 en las calles a fin de a\u00f1o.<\/h2>\n\n\n\n<p><strong>Ferrari\u00a0acaba de presentar su \u00faltimo modelo: la 12Cilindri<\/strong>, una espectacular berlinetta de dos asientos impulsada por un motor V12 en posici\u00f3n delantera. Es el regreso de la marca italiana a lo m\u00e1s puro de su historia fierrera, un doce cilindros sin turbos ni electrificaciones.<\/p>\n\n\n\n<p>La Ferrari 12Cilindri se lanz\u00f3 en dos variantes: coup\u00e9, por 395 mil euros; y spider (descapotable), por 435 mil euros. Las entregas a los clientes que la quieran en su cochera comenzar\u00e1n entre finales de 2024 y comienzos de 2025.<\/p>\n\n\n\n<figure class=\"wp-block-image\"><img decoding=\"async\" src=\"https:\/\/tn.com.ar\/resizer\/PdsDWhqmHALiRJxh1bciiduZRrc=\/767x0\/smart\/filters:format(webp)\/cloudfront-us-east-1.images.arcpublishing.com\/artear\/MSFKMAIYVBEFPJDXAQYM5JG6WY.jpg\" alt=\"Ferrari 12Cilindri\"\/><\/figure>\n\n\n\n<p>Ferrari 12Cilindri<\/p>\n\n\n\n<h2 class=\"wp-block-heading\">Los 10 puntos clave de la Ferrari 12Cilindri<\/h2>\n\n\n\n<ol class=\"wp-block-list\">\n<li>Equipa un evolucionado<strong>\u00a0motor 6.5 litros con doce cilindros en V<\/strong>\u00a0(V12) que rinde 830 caballos de potencia y 678 Nm de par m\u00e1ximo.<\/li>\n\n\n\n<li>Las mejoras del F140HD se han logrado\u00a0<strong>reduciendo el peso y la inercia de algunos componentes<\/strong>, como la bielas, ahora de titanio, lo que permite reducir en un 40% la masa respecto al acero. Los pistones por su parte ahora est\u00e1n hechos con una nueva aleaci\u00f3n de aluminio tambi\u00e9n m\u00e1s ligera y el cig\u00fce\u00f1al, con un nuevo equilibrado recorta otro 3%. Esto, sumado a una disposici\u00f3n de colectores y cilindros m\u00e1s compacta, ha permitido optimizar todo el rendimiento y exprimir m\u00e1s la potencia a altas revoluciones.<\/li>\n\n\n\n<li>Con caja autom\u00e1tica de doble embrague y ocho marchas,<strong>\u00a0la versi\u00f3n coup\u00e9 acelera de 0 a 100 km\/h en 2,9 segundos<\/strong>, de 0 a 200 km\/h en 7,9 segundos y alcanza una velocidad m\u00e1xima de 340 kil\u00f3metros por hora.<\/li>\n\n\n\n<li>Con la misma transmisi\u00f3n,\u00a0<strong>la versi\u00f3n descapotable acelera de 0 a 100 km\/h en 2,95 segundos\u00a0<\/strong>y de 0 a 200 km\/h en 8,2 segundos.<\/li>\n\n\n\n<li>Cuenta con\u00a0<strong>un sistema independiente de cuatro ruedas directrices<\/strong>\u00a04WS estrenado en el\u00a0Ferrari 812 Competizione, capaz de ajustar el giro de cada rueda de forma independiente del resto para mejorar el paso por curva.<\/li>\n\n\n\n<li>El dise\u00f1o es id\u00e9ntico en ambas versiones, excepto por el techo.<strong>\u00a0La spider presenta el techo duro retr\u00e1ctil<\/strong>.<\/li>\n\n\n\n<li>Las aletas triangulares traseras se pueden colocar en dos posiciones distintas seg\u00fan la configuraci\u00f3n: Low Drag y High Downforce. Con esta \u00faltima, levanta\u00a0<strong>esas aletas a velocidades por encima de los 60 km\/h y por debajo de los 300 km\/h<\/strong>\u00a0para ayudar a mejorar la carga aerodin\u00e1mica.<\/li>\n\n\n\n<li><strong>El interior tiene un refinado doble cockpit.<\/strong>\u00a0Cuenta con tres pantallas: la central de 10,25 pulgadas para el sistema de infoentretenimiento, el cuadro de mandos digital de 15,6 pulgadas y la m\u00e1s peque\u00f1a y alargada pantalla en la zona del copiloto de 8,8 pulgadas.<\/li>\n\n\n\n<li><strong>Mide 4,73 metros de largo<\/strong>, 2,17 de ancho y 1,29 de alto, con una distancia entre ejes de 2,70 metros.<\/li>\n\n\n\n<li>Incluye neum\u00e1ticos\u00a0<strong>Michelin Pilot Sport S5 y Goodyear Eagle F1 Supersport<\/strong>, ambos con medidas espec\u00edficas para esta Ferrari, con 275\/35ZR21 delante y 315\/35ZR21 detr\u00e1s.<\/li>\n<\/ol>\n\n\n\n<p><\/p>\n\n\n\n<ol class=\"wp-block-list\">\n<li>275\/35ZR21 delante y 315\/35ZR21 detr\u00e1s.<\/li>\n<\/ol>\n\n\n\n<figure class=\"wp-block-image\"><img decoding=\"async\" src=\"https:\/\/tn.com.ar\/resizer\/gcyTGL9mmr7z67tREU7pflzIBOA=\/767x0\/smart\/filters:format(webp)\/cloudfront-us-east-1.images.arcpublishing.com\/artear\/MI535XWNQFCJNHFS3OSVLCSLKQ.jpg\" alt=\"Ferrari 12Cilindri\"\/><figcaption class=\"wp-element-caption\">Ferrari 12Cilindri<\/figcaption><\/figure>\n\n\n\n<figure class=\"wp-block-image\"><img decoding=\"async\" src=\"https:\/\/tn.com.ar\/resizer\/2BFN_3MAKu4gWmkBbpQNS03BXp0=\/767x0\/smart\/filters:format(webp)\/cloudfront-us-east-1.images.arcpublishing.com\/artear\/4GGCLWA2CVH4ZCTF44XEVKH6JM.jpg\" alt=\"Ferrari 12Cilindri\"\/><figcaption class=\"wp-element-caption\">Ferrari 12Cilindri<\/figcaption><\/figure>\n\n\n\n<figure class=\"wp-block-image\"><img decoding=\"async\" src=\"https:\/\/tn.com.ar\/resizer\/HV4MrANpNED4F4Rebf0t1fGv4kg=\/767x0\/smart\/filters:format(webp)\/cloudfront-us-east-1.images.arcpublishing.com\/artear\/PXYIA6ZVC5GHVKA66NH5U4JWTQ.jpg\" alt=\"Ferrari 12Cilindri\"\/><figcaption class=\"wp-element-caption\">Ferrari 12Cilindri<\/figcaption><\/figure>\n\n\n\n<figure class=\"wp-block-image\"><img decoding=\"async\" src=\"https:\/\/tn.com.ar\/resizer\/Q2KtXegWUmqYzy5SR1EY0ShaJ2c=\/767x0\/smart\/filters:format(webp)\/cloudfront-us-east-1.images.arcpublishing.com\/artear\/2MQAARJG55DKJOZ53G3CBMJBVI.jpg\" alt=\"Ferrari 12Cilindri\"\/><figcaption class=\"wp-element-caption\">Ferrari 12Cilindri<\/figcaption><\/figure>\n\n\n\n<figure class=\"wp-block-image\"><img decoding=\"async\" src=\"https:\/\/tn.com.ar\/resizer\/6Y1APZxvK6jW7fhXwcT1Mya6l58=\/767x0\/smart\/filters:format(webp)\/cloudfront-us-east-1.images.arcpublishing.com\/artear\/AWVYJJ2AERAKXE3QRJDCPPY2GM.jpg\" alt=\"Ferrari 12Cilindri\"\/><figcaption class=\"wp-element-caption\">Ferrari 12Cilindri<\/figcaption><\/figure>\n\n\n\n<figure class=\"wp-block-image\"><img decoding=\"async\" src=\"https:\/\/tn.com.ar\/resizer\/HCx6P5RK_-tNfUaNcvmBDiyxilI=\/767x0\/smart\/filters:format(webp)\/cloudfront-us-east-1.images.arcpublishing.com\/artear\/MO3PCP52QNE3FNSZEXR5TWFHL4.jpg\" alt=\"Ferrari 12Cilindri\"\/><figcaption class=\"wp-element-caption\">Ferrari 12Cilindri<\/figcaption><\/figure>\n\n\n\n<figure class=\"wp-block-image\"><img decoding=\"async\" src=\"https:\/\/tn.com.ar\/resizer\/NrbNGbZF974biPU_ktQ3gXzH5T4=\/767x0\/smart\/filters:format(webp)\/cloudfront-us-east-1.images.arcpublishing.com\/artear\/QIAIHHXGNVHGRCEMBDWGXVOY44.jpg\" alt=\"Ferrari 12Cilindri\"\/><figcaption class=\"wp-element-caption\">Ferrari 12Cilindri<\/figcaption><\/figure>\n","protected":false},"excerpt":{"rendered":"<p>Se llama 12Cilindri y estar\u00e1 en las calles a fin de a\u00f1o. Ferrari\u00a0acaba de presentar su \u00faltimo modelo: la 12Cilindri, una espectacular berlinetta de dos asientos impulsada por un motor&hellip; <\/p>\n","protected":false},"author":6,"featured_media":144756,"comment_status":"closed","ping_status":"open","sticky":false,"template":"","format":"standard","meta":{"footnotes":""},"categories":[1],"tags":[],"class_list":["post-144749","post","type-post","status-publish","format-standard","has-post-thumbnail","hentry","category-informacion-general"],"_links":{"self":[{"href":"https:\/\/corrientesdetarde.com\/index.php\/wp-json\/wp\/v2\/posts\/144749","targetHints":{"allow":["GET"]}}],"collection":[{"href":"https:\/\/corrientesdetarde.com\/index.php\/wp-json\/wp\/v2\/posts"}],"about":[{"href":"https:\/\/corrientesdetarde.com\/index.php\/wp-json\/wp\/v2\/types\/post"}],"author":[{"embeddable":true,"href":"https:\/\/corrientesdetarde.com\/index.php\/wp-json\/wp\/v2\/users\/6"}],"replies":[{"embeddable":true,"href":"https:\/\/corrientesdetarde.com\/index.php\/wp-json\/wp\/v2\/comments?post=144749"}],"version-history":[{"count":1,"href":"https:\/\/corrientesdetarde.com\/index.php\/wp-json\/wp\/v2\/posts\/144749\/revisions"}],"predecessor-version":[{"id":144757,"href":"https:\/\/corrientesdetarde.com\/index.php\/wp-json\/wp\/v2\/posts\/144749\/revisions\/144757"}],"wp:featuredmedia":[{"embeddable":true,"href":"https:\/\/corrientesdetarde.com\/index.php\/wp-json\/wp\/v2\/media\/144756"}],"wp:attachment":[{"href":"https:\/\/corrientesdetarde.com\/index.php\/wp-json\/wp\/v2\/media?parent=144749"}],"wp:term":[{"taxonomy":"category","embeddable":true,"href":"https:\/\/corrientesdetarde.com\/index.php\/wp-json\/wp\/v2\/categories?post=144749"},{"taxonomy":"post_tag","embeddable":true,"href":"https:\/\/corrientesdetarde.com\/index.php\/wp-json\/wp\/v2\/tags?post=144749"}],"curies":[{"name":"wp","href":"https:\/\/api.w.org\/{rel}","templated":true}]}}