{"id":144755,"date":"2024-05-03T17:54:02","date_gmt":"2024-05-03T20:54:02","guid":{"rendered":"https:\/\/corrientesdetarde.com\/?p=144755"},"modified":"2024-05-03T17:54:15","modified_gmt":"2024-05-03T20:54:15","slug":"con-expectativa-por-el-tratamiento-de-las-reformas-en-el-congreso-javier-milei-viaja-a-los-eeuu","status":"publish","type":"post","link":"https:\/\/corrientesdetarde.com\/index.php\/politica\/con-expectativa-por-el-tratamiento-de-las-reformas-en-el-congreso-javier-milei-viaja-a-los-eeuu\/","title":{"rendered":"Con expectativa por el tratamiento de las reformas en el Congreso, Javier Milei viaja a los EEUU"},"content":{"rendered":"\n<p>Por Juan Pablo Peralta desde Casa Rosada <\/p>\n\n\n\n<p>El presidente Javier Milei se qued\u00f3 en la Residencia de Olivos para preparar el viaje que inicia este s\u00e1bado a Los \u00c1ngeles, donde expondr\u00e1 en el Foro del Instituto Milken frente a banqueros y empresarios de EEUU y Oriente Medio. Por su parte, Manuel Adorni adelant\u00f3 que el pr\u00f3ximo lunes el ministro de Justicia, Mariano C\u00faneo Libarona y su par de Seguridad, Patricia Bullrich presentar\u00e1n los cambios del C\u00f3digo Procesal Penal. <\/p>\n\n\n\n<figure class=\"wp-block-embed is-type-video is-provider-youtube wp-block-embed-youtube wp-embed-aspect-16-9 wp-has-aspect-ratio\"><div class=\"wp-block-embed__wrapper\">\n<iframe loading=\"lazy\" title=\"Con expectativa por el tratamiento de las reformas en el Congreso, Javier Milei viaja a los EEUU\" width=\"1110\" height=\"624\" src=\"https:\/\/www.youtube.com\/embed\/esb6BhjRLnQ?feature=oembed\" frameborder=\"0\" allow=\"accelerometer; autoplay; clipboard-write; encrypted-media; gyroscope; picture-in-picture; web-share\" referrerpolicy=\"strict-origin-when-cross-origin\" allowfullscreen><\/iframe>\n<\/div><\/figure>\n\n\n\n<p>Consultado por este medio respondi\u00f3 a Pablo Moyano luego de que el sindicalista dijera que los \u00fanicos salarios que le ganaron a la inflaci\u00f3n son los de los altos funcionarios del Gobierno de La Libertad Avanza. Adem\u00e1s de referirse brevemente a los dichos de la canciller Diana Mondino sobre los chinos, manifest\u00f3, en el D\u00eda de la Linertad de Prensa, que las corresponsal\u00edas de la agencia T\u00e9lam se eliminan porque la decisi\u00f3n pol\u00edtica del presidente fue cerrar la agencia de informaci\u00f3n estatal, y en ese sentido, no tiene sentido mantenerlas.<\/p>\n","protected":false},"excerpt":{"rendered":"<p>Por Juan Pablo Peralta desde Casa Rosada El presidente Javier Milei se qued\u00f3 en la Residencia de Olivos para preparar el viaje que inicia este s\u00e1bado a Los \u00c1ngeles, donde&hellip; <\/p>\n","protected":false},"author":11,"featured_media":131876,"comment_status":"closed","ping_status":"open","sticky":false,"template":"","format":"standard","meta":{"footnotes":""},"categories":[10,3],"tags":[],"class_list":["post-144755","post","type-post","status-publish","format-standard","has-post-thumbnail","hentry","category-nacionales","category-politica"],"_links":{"self":[{"href":"https:\/\/corrientesdetarde.com\/index.php\/wp-json\/wp\/v2\/posts\/144755","targetHints":{"allow":["GET"]}}],"collection":[{"href":"https:\/\/corrientesdetarde.com\/index.php\/wp-json\/wp\/v2\/posts"}],"about":[{"href":"https:\/\/corrientesdetarde.com\/index.php\/wp-json\/wp\/v2\/types\/post"}],"author":[{"embeddable":true,"href":"https:\/\/corrientesdetarde.com\/index.php\/wp-json\/wp\/v2\/users\/11"}],"replies":[{"embeddable":true,"href":"https:\/\/corrientesdetarde.com\/index.php\/wp-json\/wp\/v2\/comments?post=144755"}],"version-history":[{"count":2,"href":"https:\/\/corrientesdetarde.com\/index.php\/wp-json\/wp\/v2\/posts\/144755\/revisions"}],"predecessor-version":[{"id":144762,"href":"https:\/\/corrientesdetarde.com\/index.php\/wp-json\/wp\/v2\/posts\/144755\/revisions\/144762"}],"wp:featuredmedia":[{"embeddable":true,"href":"https:\/\/corrientesdetarde.com\/index.php\/wp-json\/wp\/v2\/media\/131876"}],"wp:attachment":[{"href":"https:\/\/corrientesdetarde.com\/index.php\/wp-json\/wp\/v2\/media?parent=144755"}],"wp:term":[{"taxonomy":"category","embeddable":true,"href":"https:\/\/corrientesdetarde.com\/index.php\/wp-json\/wp\/v2\/categories?post=144755"},{"taxonomy":"post_tag","embeddable":true,"href":"https:\/\/corrientesdetarde.com\/index.php\/wp-json\/wp\/v2\/tags?post=144755"}],"curies":[{"name":"wp","href":"https:\/\/api.w.org\/{rel}","templated":true}]}}