{"id":144758,"date":"2024-05-03T17:48:58","date_gmt":"2024-05-03T20:48:58","guid":{"rendered":"https:\/\/corrientesdetarde.com\/?p=144758"},"modified":"2024-05-03T17:49:03","modified_gmt":"2024-05-03T20:49:03","slug":"el-nuevo-valor-del-salario-minimo-desde-mayo-se-fijo-en-234-000","status":"publish","type":"post","link":"https:\/\/corrientesdetarde.com\/index.php\/economia\/el-nuevo-valor-del-salario-minimo-desde-mayo-se-fijo-en-234-000\/","title":{"rendered":"El nuevo valor del salario m\u00ednimo desde mayo se fij\u00f3 en $234.000."},"content":{"rendered":"\n<h2 class=\"wp-block-heading\">El gobierno nacional dispuso incrementar el salario m\u00ednimo de manera unilateral tras no alcanzar acuerdo en la reuni\u00f3n entre gremios y empresarios.<\/h2>\n\n\n\n<p>El Gobierno orden\u00f3 incrementar el Salario M\u00ednimo, Vital y M\u00f3vil desde los $202.800 de marzo a $234.315,12 a partir del 1 de mayo. En el medio, se determin\u00f3 tambi\u00e9n la suba de abril.<\/p>\n\n\n\n<p>Debido a la falta de acuerdo en la reuni\u00f3n del Consejo del Salario, la Secretar\u00eda de Trabajo public\u00f3 esta noche la resoluci\u00f3n 9 en el Bolet\u00edn Oficial para determinar la suba que regir\u00e1 para el SMVM en los meses de abril y mayo.<ins>about:blank<\/ins><\/p>\n\n\n\n<p>Al respecto, la reglamentaci\u00f3n se\u00f1ala que el valor del salario m\u00ednimo &#8220;a partir del 1\u00b0 de Abril de 2024, en PESOS DOSCIENTOS VEINTIUN MIL CINCUENTA Y DOS ($ 221.052.-) para todos los trabajadores mensualizados que cumplen la jornada legal completa de trabajo, conforme el art\u00edculo 116 del R\u00e9gimen de Contrato de Trabajo aprobado por la Ley N\u00b0 20.744 (t.o. 1976) y sus modificatorias (&#8230;)&#8221;. Adem\u00e1s, determin\u00f3 el valor de la hora para los trabajadores jornalizados en $1105,26.<\/p>\n\n\n\n<p>En tanto que desde el 1\u00b0 de Mayo de 2024, el valor que rige para el SMVM es de $234.315,12 &#8220;para todos los trabajadores mensualizados que cumplen la jornada legal completa de trabajo, conforme el art\u00edculo 116 del R\u00e9gimen de Contrato de Trabajo aprobado por la Ley N\u00b0 20.744 (t.o. 1976) y sus modificatorias, con excepci\u00f3n de las situaciones previstas en los art\u00edculos 92 ter y 198, del mismo cuerpo legal, que lo percibir\u00e1n en su debida proporci\u00f3n&#8221;. Asimismo, el jornal se ubica en $1171,58.<\/p>\n\n\n\n<p>Asimismo, determin\u00f3 que la Prestaci\u00f3n por Desempleo prevista en el art\u00edculo 118 de la Ley N\u00ba 24.013, para los trabajadores convencionados o no convencionados, &#8220;ser\u00e1 equivalente a un SETENTA Y CINCO POR CIENTO (75%) del importe neto de la mejor remuneraci\u00f3n mensual, normal y habitual del trabajador en los seis (6) meses anteriores al cese del contrato de trabajo que dio lugar a la situaci\u00f3n de desempleo&#8221;.<\/p>\n\n\n\n<h2 class=\"wp-block-heading\">Por falta de acuerdo, el Gobierno fij\u00f3 el nuevo valor del salario m\u00ednimo<\/h2>\n\n\n\n<p>Cabe recordar que en los \u00faltimos d\u00edas se llev\u00f3 a cabo la reuni\u00f3n del Consejo del Salario en la que la CGT y las dos CTA pugnaron por un ajuste de hasta 80% del SMVM, contra un 8% de mayo y 5% en junio que propusieron las c\u00e1maras empresarias. Ante tanta diferencia, no hubo acercamiento posible y deber\u00e1 decidir el Gobierno.<\/p>\n\n\n\n<p>Hugo &#8220;&#8221;Cachorro&#8221;&#8221; Godoy, secretario general de la CTA Aut\u00f3noma, se expres\u00f3 mediante su cuenta de X (antes Twitter): &#8220;Las tres centrales sindicales unificamos las propuestas en $377.000 para el mes de abril que equivale un 80% de aumento y para estar por encima de la canasta de la indigencia. Sin embargo, los empresarios propusieron ins\u00f3litamente un aumento del 8% para el mes de mayo y un 5% para junio&#8221;.<\/p>\n\n\n\n<p>&#8220;Como no hubo acuerdo, el gobierno y los empresarios de la UIA, la CAME y la Sociedad Rural impidieron el pleno funcionamiento del Consejo y obligaron a un final bochornoso en el cual el gobierno decidir\u00e1, una vez m\u00e1s por decreto, y seguramente en contra de los intereses de los trabajadores&#8221;, agreg\u00f3.<\/p>\n\n\n\n<p>El \u00faltimo encuentro fue el 15 de febrero, momentos en que el SMVM se encontraba en $156.000, valor fijado durante la administraci\u00f3n de Alberto Fern\u00e1ndez. Al igual que esta semana, tampoco lleg\u00f3 a buen puerto y el incremento fue establecido por el Decreto de Necesidad y Urgencia (DNU).<\/p>\n","protected":false},"excerpt":{"rendered":"<p>El gobierno nacional dispuso incrementar el salario m\u00ednimo de manera unilateral tras no alcanzar acuerdo en la reuni\u00f3n entre gremios y empresarios. El Gobierno orden\u00f3 incrementar el Salario M\u00ednimo, Vital&hellip; <\/p>\n","protected":false},"author":6,"featured_media":144759,"comment_status":"closed","ping_status":"open","sticky":false,"template":"","format":"standard","meta":{"footnotes":""},"categories":[20],"tags":[],"class_list":["post-144758","post","type-post","status-publish","format-standard","has-post-thumbnail","hentry","category-economia"],"_links":{"self":[{"href":"https:\/\/corrientesdetarde.com\/index.php\/wp-json\/wp\/v2\/posts\/144758","targetHints":{"allow":["GET"]}}],"collection":[{"href":"https:\/\/corrientesdetarde.com\/index.php\/wp-json\/wp\/v2\/posts"}],"about":[{"href":"https:\/\/corrientesdetarde.com\/index.php\/wp-json\/wp\/v2\/types\/post"}],"author":[{"embeddable":true,"href":"https:\/\/corrientesdetarde.com\/index.php\/wp-json\/wp\/v2\/users\/6"}],"replies":[{"embeddable":true,"href":"https:\/\/corrientesdetarde.com\/index.php\/wp-json\/wp\/v2\/comments?post=144758"}],"version-history":[{"count":1,"href":"https:\/\/corrientesdetarde.com\/index.php\/wp-json\/wp\/v2\/posts\/144758\/revisions"}],"predecessor-version":[{"id":144760,"href":"https:\/\/corrientesdetarde.com\/index.php\/wp-json\/wp\/v2\/posts\/144758\/revisions\/144760"}],"wp:featuredmedia":[{"embeddable":true,"href":"https:\/\/corrientesdetarde.com\/index.php\/wp-json\/wp\/v2\/media\/144759"}],"wp:attachment":[{"href":"https:\/\/corrientesdetarde.com\/index.php\/wp-json\/wp\/v2\/media?parent=144758"}],"wp:term":[{"taxonomy":"category","embeddable":true,"href":"https:\/\/corrientesdetarde.com\/index.php\/wp-json\/wp\/v2\/categories?post=144758"},{"taxonomy":"post_tag","embeddable":true,"href":"https:\/\/corrientesdetarde.com\/index.php\/wp-json\/wp\/v2\/tags?post=144758"}],"curies":[{"name":"wp","href":"https:\/\/api.w.org\/{rel}","templated":true}]}}