{"id":144763,"date":"2024-05-03T18:23:00","date_gmt":"2024-05-03T21:23:00","guid":{"rendered":"https:\/\/corrientesdetarde.com\/?p=144763"},"modified":"2024-05-03T18:23:04","modified_gmt":"2024-05-03T21:23:04","slug":"el-gobierno-cruzo-a-moyano-y-aseguro-que-los-sueldos-de-los-funcionarios-perdieron-contra-la-inflacion","status":"publish","type":"post","link":"https:\/\/corrientesdetarde.com\/index.php\/politica\/el-gobierno-cruzo-a-moyano-y-aseguro-que-los-sueldos-de-los-funcionarios-perdieron-contra-la-inflacion\/","title":{"rendered":"El Gobierno cruz\u00f3 a Moyano y asegur\u00f3 que los sueldos de los funcionarios perdieron contra la inflaci\u00f3n."},"content":{"rendered":"\n<h2 class=\"wp-block-heading\">Tras las acusaciones del l\u00edder sindicalista, el vocero presidencial ratific\u00f3 que \u201cse perdi\u00f3 bastante porque los sueldos est\u00e1n congelados desde diciembre\u201d.<\/h2>\n\n\n\n<p>Tras las acusaciones de Pablo Moyano sobre los sueldos de los funcionarios, el Gobierno asegur\u00f3 este viernes que \u201c<strong>perdieron bastante con la inflaci\u00f3n porque est\u00e1n congelados<\/strong>\u201d. Asimismo, el vocero presidencial,\u00a0<strong>Manuel Adorni<\/strong>, cruz\u00f3 al gremialista en su habitual conferencia de prensa matutina: \u201cDice cualquier cosa, me parece que es matem\u00e1tica de primer grado\u201d.<\/p>\n\n\n\n<p>\u201c<strong>Est\u00e1n congelados desde diciembre. No entiendo de d\u00f3nde saca el c\u00e1lculo el se\u00f1or Moyano, es inentendible<\/strong>\u201d, coment\u00f3. Anteriormente, el dirigente de Camioneros y cosecretario de la CGT plante\u00f3 que los salarios que le hab\u00edan ganado a la inflaci\u00f3n\u00a0<strong>no eran los de los trabajadores<\/strong>, sino de la clase pol\u00edtica.<\/p>\n\n\n\n<p>En este sentido, retom\u00f3 la cuesti\u00f3n de los cambios de rango de las secretar\u00edas a ministerios que figuraron en el Bolet\u00edn Oficial -los cuales modificaron el escalaf\u00f3n que incluye a Karina Milei, Javier Herrera Bravo y Eduardo Serellini- y su propio ascenso a secretario. \u201cMi cambio de rango debi\u00f3 haber sido as\u00ed desde el 10 de diciembre por cuestiones propias de la funci\u00f3n que cumplo\u201d, desarroll\u00f3.<\/p>\n\n\n\n<p>\u201cYa lo expliqu\u00e9 cuando el se\u00f1or Moyano hizo referencia. No lo entendi\u00f3 hasta ahora.<strong>&nbsp;No le ganamos a la inflaci\u00f3n, hemos perdido<\/strong>. Incluso mucho m\u00e1s de lo que haya perdido \u00e9l en t\u00e9rminos personales\u201d, manifest\u00f3 el vocero.<\/p>\n\n\n\n<p>En la previa al\u00a0<strong>tratamiento de la Ley Bases en el Senado<\/strong>, crece la tensi\u00f3n entre el Gobierno y los l\u00edderes sindicales, principalmente por el rechazo de los \u00faltimos hacia la\u00a0<strong>reforma laboral y fiscal<\/strong>. Por esta raz\u00f3n, el pr\u00f3ximo 9 de mayo se llevar\u00e1 a cabo un<strong>\u00a0paro general\u00a0<\/strong>para \u201cexigir a los senadores que rechacen la ley\u201d, seg\u00fan sostuvo el cosecretario general.<\/p>\n\n\n\n<figure class=\"wp-block-image\"><img decoding=\"async\" src=\"https:\/\/tn.com.ar\/resizer\/mBXcVYO2jyp8Wyw2mIkdyObyuzg=\/767x0\/smart\/filters:format(webp)\/cloudfront-us-east-1.images.arcpublishing.com\/artear\/4JFMVMPORNADDK2Z3WF3P7CXFI.jpg\" alt=\"La CGT llevar\u00e1 a cabo un nuevo paro nacional el pr\u00f3ximo 9 de mayo en rechazo a la Ley Bases. (Foto: NA).\"\/><figcaption class=\"wp-element-caption\">La CGT llevar\u00e1 a cabo un nuevo paro nacional el pr\u00f3ximo 9 de mayo en rechazo a la Ley Bases. (Foto: NA).<\/figcaption><\/figure>\n\n\n\n<p>En este marco, la c\u00fapula de la central obrera presion\u00f3 a los gobernadores y a los integrantes de la C\u00e1mara Alta, incluso a algunos opositores. \u201c<strong>Los 33 senadores peronistas van a votar en contra de la Ley Bases<\/strong>\u201d, asegur\u00f3 el dirigente de Camioneros, quien adelant\u00f3 que tambi\u00e9n hablar\u00e1n \u201ccon aquellos compa\u00f1eros que llegan con las banderas de Per\u00f3n y Evita, y se ponen dudosos y dialoguistas\u201d.<\/p>\n\n\n\n<p>En contraposici\u00f3n, el Gobierno apunt\u00f3 este jueves contra la CGT por el paro general, donde el vocero presidencial indic\u00f3 que los l\u00edderes sindicales \u201c<strong>quieren complicarle la vida a la gente<\/strong>\u201d.<\/p>\n\n\n\n<p>\u201cAyer en una marcha de la CGT se escuch\u00f3 \u2018no vamos a resignar un \u00e1pice de los derechos conquistados en tantos a\u00f1os\u2019. Habr\u00eda que ver a qu\u00e9 se refer\u00edan, ya que&nbsp;<strong>el 45% de los argentinos trabajan en negro<\/strong>. \u00bfQu\u00e9 derecho han ganado esas personas?&nbsp;<strong>La CGT cree en una realidad que no existe<\/strong>\u201d, plante\u00f3 Adorni.<\/p>\n\n\n\n<p>Finalmente, agreg\u00f3: \u201cLa&nbsp;<strong>Ley Bases<\/strong>&nbsp;tuvo media sanci\u00f3n y fue debatida en el marco de la Rep\u00fablica, y del Poder Legislativo. Tampoco entendemos bien que el paro est\u00e9 motivado por la Ley. No se entiende bien\u201d.<\/p>\n","protected":false},"excerpt":{"rendered":"<p>Tras las acusaciones del l\u00edder sindicalista, el vocero presidencial ratific\u00f3 que \u201cse perdi\u00f3 bastante porque los sueldos est\u00e1n congelados desde diciembre\u201d. Tras las acusaciones de Pablo Moyano sobre los sueldos&hellip; <\/p>\n","protected":false},"author":6,"featured_media":144764,"comment_status":"closed","ping_status":"open","sticky":false,"template":"","format":"standard","meta":{"footnotes":""},"categories":[3],"tags":[],"class_list":["post-144763","post","type-post","status-publish","format-standard","has-post-thumbnail","hentry","category-politica"],"_links":{"self":[{"href":"https:\/\/corrientesdetarde.com\/index.php\/wp-json\/wp\/v2\/posts\/144763","targetHints":{"allow":["GET"]}}],"collection":[{"href":"https:\/\/corrientesdetarde.com\/index.php\/wp-json\/wp\/v2\/posts"}],"about":[{"href":"https:\/\/corrientesdetarde.com\/index.php\/wp-json\/wp\/v2\/types\/post"}],"author":[{"embeddable":true,"href":"https:\/\/corrientesdetarde.com\/index.php\/wp-json\/wp\/v2\/users\/6"}],"replies":[{"embeddable":true,"href":"https:\/\/corrientesdetarde.com\/index.php\/wp-json\/wp\/v2\/comments?post=144763"}],"version-history":[{"count":1,"href":"https:\/\/corrientesdetarde.com\/index.php\/wp-json\/wp\/v2\/posts\/144763\/revisions"}],"predecessor-version":[{"id":144766,"href":"https:\/\/corrientesdetarde.com\/index.php\/wp-json\/wp\/v2\/posts\/144763\/revisions\/144766"}],"wp:featuredmedia":[{"embeddable":true,"href":"https:\/\/corrientesdetarde.com\/index.php\/wp-json\/wp\/v2\/media\/144764"}],"wp:attachment":[{"href":"https:\/\/corrientesdetarde.com\/index.php\/wp-json\/wp\/v2\/media?parent=144763"}],"wp:term":[{"taxonomy":"category","embeddable":true,"href":"https:\/\/corrientesdetarde.com\/index.php\/wp-json\/wp\/v2\/categories?post=144763"},{"taxonomy":"post_tag","embeddable":true,"href":"https:\/\/corrientesdetarde.com\/index.php\/wp-json\/wp\/v2\/tags?post=144763"}],"curies":[{"name":"wp","href":"https:\/\/api.w.org\/{rel}","templated":true}]}}