{"id":144765,"date":"2024-05-03T18:26:14","date_gmt":"2024-05-03T21:26:14","guid":{"rendered":"https:\/\/corrientesdetarde.com\/?p=144765"},"modified":"2024-05-03T18:26:17","modified_gmt":"2024-05-03T21:26:17","slug":"bancarios-acordaron-un-nuevo-aumento-acorde-a-la-inflacion","status":"publish","type":"post","link":"https:\/\/corrientesdetarde.com\/index.php\/politica\/bancarios-acordaron-un-nuevo-aumento-acorde-a-la-inflacion\/","title":{"rendered":"Bancarios acordaron un nuevo aumento acorde a la inflaci\u00f3n."},"content":{"rendered":"\n<h2 class=\"wp-block-heading\">Adem\u00e1s, aclararon que, a modo de adelanto, &#8220;las empresas abonar\u00e1n un 7% hasta tanto el INDEC difunda los \u00edndices inflacionarios correspondientes al mes de abril&#8221;.<\/h2>\n\n\n\n<p>La Asociaci\u00f3n Bancaria confirm\u00f3 un nuevo acuerdo paritario con las c\u00e1maras empresarias, equivalente a la inflaci\u00f3n de abril, sobre &#8220;todas las remuneraciones mensuales brutas, normales, habituales y totales, remunerativas y no remunerativas, incluyendo los adicionales convencionales y no convencionales, vigentes al mes de marzo&#8221;.<\/p>\n\n\n\n<p>As\u00ed, el salario inicial, m\u00e1s la participaci\u00f3n de ganancias (ROE) en el mes de abril, queda en $1.211.946,21, donde agregaron que &#8220;al mismo se le deber\u00e1 agregar de inflaci\u00f3n seg\u00fan corresponda&#8221;.<\/p>\n\n\n\n<p>Adem\u00e1s, aclararon que, a modo de adelanto, &#8220;las empresas abonar\u00e1n un 7% hasta tanto el INDEC difunda los \u00edndices inflacionarios correspondientes al mes de abril&#8221;, y que, en el &#8220;caso que la inflaci\u00f3n supere el mencionado adelanto, se ajustar\u00e1 autom\u00e1ticamente por la diferencia&#8221;.<\/p>\n\n\n\n<p>Otra de las confirmaciones fue la del monto correspondiente al d\u00eda del Bancario, que qued\u00f3 en un m\u00ednimo de $1.042.729,66, a corregir por inflaci\u00f3n.<\/p>\n\n\n\n<p>De esta manera, se refleja un aumento en los ingresos de los trabajadores bancarios del 63,1% en relaci\u00f3n a diciembre de 2023.<\/p>\n","protected":false},"excerpt":{"rendered":"<p>Adem\u00e1s, aclararon que, a modo de adelanto, &#8220;las empresas abonar\u00e1n un 7% hasta tanto el INDEC difunda los \u00edndices inflacionarios correspondientes al mes de abril&#8221;. La Asociaci\u00f3n Bancaria confirm\u00f3 un&hellip; <\/p>\n","protected":false},"author":6,"featured_media":144767,"comment_status":"closed","ping_status":"open","sticky":false,"template":"","format":"standard","meta":{"footnotes":""},"categories":[3],"tags":[],"class_list":["post-144765","post","type-post","status-publish","format-standard","has-post-thumbnail","hentry","category-politica"],"_links":{"self":[{"href":"https:\/\/corrientesdetarde.com\/index.php\/wp-json\/wp\/v2\/posts\/144765","targetHints":{"allow":["GET"]}}],"collection":[{"href":"https:\/\/corrientesdetarde.com\/index.php\/wp-json\/wp\/v2\/posts"}],"about":[{"href":"https:\/\/corrientesdetarde.com\/index.php\/wp-json\/wp\/v2\/types\/post"}],"author":[{"embeddable":true,"href":"https:\/\/corrientesdetarde.com\/index.php\/wp-json\/wp\/v2\/users\/6"}],"replies":[{"embeddable":true,"href":"https:\/\/corrientesdetarde.com\/index.php\/wp-json\/wp\/v2\/comments?post=144765"}],"version-history":[{"count":1,"href":"https:\/\/corrientesdetarde.com\/index.php\/wp-json\/wp\/v2\/posts\/144765\/revisions"}],"predecessor-version":[{"id":144768,"href":"https:\/\/corrientesdetarde.com\/index.php\/wp-json\/wp\/v2\/posts\/144765\/revisions\/144768"}],"wp:featuredmedia":[{"embeddable":true,"href":"https:\/\/corrientesdetarde.com\/index.php\/wp-json\/wp\/v2\/media\/144767"}],"wp:attachment":[{"href":"https:\/\/corrientesdetarde.com\/index.php\/wp-json\/wp\/v2\/media?parent=144765"}],"wp:term":[{"taxonomy":"category","embeddable":true,"href":"https:\/\/corrientesdetarde.com\/index.php\/wp-json\/wp\/v2\/categories?post=144765"},{"taxonomy":"post_tag","embeddable":true,"href":"https:\/\/corrientesdetarde.com\/index.php\/wp-json\/wp\/v2\/tags?post=144765"}],"curies":[{"name":"wp","href":"https:\/\/api.w.org\/{rel}","templated":true}]}}