{"id":144769,"date":"2024-05-03T18:34:52","date_gmt":"2024-05-03T21:34:52","guid":{"rendered":"https:\/\/corrientesdetarde.com\/?p=144769"},"modified":"2024-05-03T18:34:55","modified_gmt":"2024-05-03T21:34:55","slug":"empleados-de-un-supermercado-frustraron-un-robo","status":"publish","type":"post","link":"https:\/\/corrientesdetarde.com\/index.php\/policiales\/empleados-de-un-supermercado-frustraron-un-robo\/","title":{"rendered":"Empleados de un supermercado frustraron un robo."},"content":{"rendered":"\n<h2 class=\"wp-block-heading\">En horas de la siesta\u00a0delincuentes\u00a0\u00a0ingresaron a un\u00a0supermercado mayorista\u00a0para robar bebidas alcoh\u00f3licas.<\/h2>\n\n\n\n<p>Este viernes en horas de la siesta, cerca de las 16:00, tres individuos ingresaron a un supermercado mayorista ubicado en la Av. Independencia 5075, con la intenci\u00f3n de perpetrar un robo de bebidas alcoh\u00f3licas.<\/p>\n\n\n\n<p>Sin embargo, su intento se vio r\u00e1pidamente frustrado por la r\u00e1pida acci\u00f3n&nbsp; de los empleados del establecimiento, quienes se enfrentaron con ellos y lograron reducirlos.<\/p>\n\n\n\n<p>La polic\u00eda, alertada por el r\u00e1pido accionar del personal del supermercado, se despleg\u00f3 de inmediato en el lugar y logr\u00f3 detener a los tres individuos involucrados en el intento de robo.<\/p>\n\n\n\n<p>Tras su captura, los presuntos delincuentes fueron trasladados a una comisar\u00eda local para ser puestos a disposici\u00f3n de la justicia.<\/p>\n","protected":false},"excerpt":{"rendered":"<p>En horas de la siesta\u00a0delincuentes\u00a0\u00a0ingresaron a un\u00a0supermercado mayorista\u00a0para robar bebidas alcoh\u00f3licas. Este viernes en horas de la siesta, cerca de las 16:00, tres individuos ingresaron a un supermercado mayorista ubicado&hellip; <\/p>\n","protected":false},"author":6,"featured_media":144770,"comment_status":"closed","ping_status":"open","sticky":false,"template":"","format":"standard","meta":{"footnotes":""},"categories":[33],"tags":[],"class_list":["post-144769","post","type-post","status-publish","format-standard","has-post-thumbnail","hentry","category-policiales"],"_links":{"self":[{"href":"https:\/\/corrientesdetarde.com\/index.php\/wp-json\/wp\/v2\/posts\/144769","targetHints":{"allow":["GET"]}}],"collection":[{"href":"https:\/\/corrientesdetarde.com\/index.php\/wp-json\/wp\/v2\/posts"}],"about":[{"href":"https:\/\/corrientesdetarde.com\/index.php\/wp-json\/wp\/v2\/types\/post"}],"author":[{"embeddable":true,"href":"https:\/\/corrientesdetarde.com\/index.php\/wp-json\/wp\/v2\/users\/6"}],"replies":[{"embeddable":true,"href":"https:\/\/corrientesdetarde.com\/index.php\/wp-json\/wp\/v2\/comments?post=144769"}],"version-history":[{"count":1,"href":"https:\/\/corrientesdetarde.com\/index.php\/wp-json\/wp\/v2\/posts\/144769\/revisions"}],"predecessor-version":[{"id":144771,"href":"https:\/\/corrientesdetarde.com\/index.php\/wp-json\/wp\/v2\/posts\/144769\/revisions\/144771"}],"wp:featuredmedia":[{"embeddable":true,"href":"https:\/\/corrientesdetarde.com\/index.php\/wp-json\/wp\/v2\/media\/144770"}],"wp:attachment":[{"href":"https:\/\/corrientesdetarde.com\/index.php\/wp-json\/wp\/v2\/media?parent=144769"}],"wp:term":[{"taxonomy":"category","embeddable":true,"href":"https:\/\/corrientesdetarde.com\/index.php\/wp-json\/wp\/v2\/categories?post=144769"},{"taxonomy":"post_tag","embeddable":true,"href":"https:\/\/corrientesdetarde.com\/index.php\/wp-json\/wp\/v2\/tags?post=144769"}],"curies":[{"name":"wp","href":"https:\/\/api.w.org\/{rel}","templated":true}]}}