{"id":14477,"date":"2022-10-25T17:34:49","date_gmt":"2022-10-25T20:34:49","guid":{"rendered":"https:\/\/corrientesdetarde.com\/?p=14477"},"modified":"2022-10-25T17:34:53","modified_gmt":"2022-10-25T20:34:53","slug":"la-copa-del-mundo-llego-a-la-argentina-seis-campeones-volvieron-a-levantarla","status":"publish","type":"post","link":"https:\/\/corrientesdetarde.com\/index.php\/deportes\/la-copa-del-mundo-llego-a-la-argentina-seis-campeones-volvieron-a-levantarla\/","title":{"rendered":"La Copa del Mundo lleg\u00f3 a la Argentina: seis campeones volvieron a levantarla"},"content":{"rendered":"\n<p><a href=\"javascript:void(0);\"><\/a>Desde este mi\u00e9rcoles, el trofeo estar\u00e1 en exhibici\u00f3n para el p\u00fablico en el predio de La Rural.\u00a0Tarantini, Larrosa, Bertoni, Giusti, Batista y Tapia, los &#8220;privilegiados&#8221; que pudieron alzarla.<\/p>\n\n\n\n<p><strong>La Copa del Mundo original que estar\u00e1 en juego en Qatar<\/strong>&nbsp;lleg\u00f3 este martes a la Argentina en el marco de la gira que organiza la FIFA y&nbsp;<strong>seis de los campeones nacionales, tres de 1978 y otros tantos de M\u00e9xico 86, volvieron a levantarla<\/strong>.<\/p>\n\n\n\n<p>El trofeo original fue presentado en un evento que se llev\u00f3 a cabo en el Coliseo de Futsal del predio de la Asociaci\u00f3n del F\u00fatbol Argentino en Ezeiza.<\/p>\n\n\n\n<p><strong>Alberto Tarantini, Omar Larrosa y Daniel Bertoni<\/strong>, tres representantes de la conquista de 1978, y&nbsp;<strong>Ricardo Giusti, Sergio Batista y Carlos Tapia<\/strong>, ganadores en M\u00e9xico 1986, fueron los seis privilegiados que pudieron alzar la Copa del Mundo que estar\u00e1 en juego a partir del 20 de noviembre en Qatar.<\/p>\n\n\n\n<p>Con la presencia del presidente de la AFA,&nbsp;<strong>Claudio &#8220;Chiqui&#8221; Tapia<\/strong>, y la conducci\u00f3n del exarquero&nbsp;<strong>Sergio Goycochea<\/strong>, finalista en Italia 1990, los seis campeones del Mundo con la &#8220;Albiceleste&#8221; exhibieron el imponente trofeo ante los invitados durante unos minutos.<\/p>\n\n\n\n<p><strong>A partir del mi\u00e9rcoles, la Copa del Mundo estar\u00e1 en exhibici\u00f3n para el p\u00fablico en el predio de La Rural, hasta el jueves 27 desde las 9 hasta las 20 hs.<\/strong><\/p>\n\n\n\n<p>&#8220;Este es un pa\u00eds que ama y respira f\u00fatbol. Gracias a los campeones del mundo, porque sin ellos no tendr\u00edamos estas dos estrellas. Llevaron al f\u00fatbol argentino a lo m\u00e1s alto y nos dieron la posibilidad de sentirnos campeones&#8221;, destac\u00f3 &#8220;Chiqui&#8221; Tapia en el inicio de su discurso ante la mirada de los seis exfutbolistas que estuvieron en representaci\u00f3n de los 43 que integraron ambos planteles.<\/p>\n\n\n\n<p>&#8220;Estamos en la v\u00edspera de un torneo que todos so\u00f1amos. Hay que seguir con los pies sobre la tierra y con este proyecto ambicioso, en el que se consolidaron todas las selecciones. Ese es el Mundial que vamos a ganar desde la AFA&#8221;, agreg\u00f3 el titular de la casa madre del f\u00fatbol argentino.<\/p>\n\n\n\n<p><strong>&#8220;Ojal\u00e1, a fin de a\u00f1o, podamos quedar en la historia y tener esta copa tan significativa en nuestro pa\u00eds&#8221;<\/strong>, complet\u00f3 &#8220;Chiqui&#8221;.<\/p>\n\n\n\n<p>Luego, Goycochea, en medio de bromas por lo &#8220;cerca&#8221; que estuvo de alzar la Copa en Italia 1990, invit\u00f3 a los seis campeones del Mundo que fueron recibidos con los aplausos de todos los presentes.<\/p>\n\n\n\n<p>Cada uno expres\u00f3 su emoci\u00f3n por volver a tener cerca a la Copa del Mundo y recordaron su experiencia luego de conquistar el trofeo m\u00e1s importante del f\u00fatbol.<\/p>\n\n\n\n<p>El &#8220;Checho&#8221; Batista fue el primero que habl\u00f3 y rememor\u00f3, entre risas, el poco tiempo que tuvo en sus manos el trofeo ya que Diego Maradona &#8220;no se lo dio a nadie&#8221;.<\/p>\n\n\n\n<p><strong>&#8220;Diego no se la daba nadie. Solo un minuto la tuvimos y en el avi\u00f3n la ten\u00eda abrazada y no te la daba. Ahora la vamos a tener m\u00e1s tiempo me parece&#8221;<\/strong>, brome\u00f3 el exvolante del equipo campe\u00f3n de Carlos Salvador Bilardo.<\/p>\n\n\n\n<p>Carlos &#8220;Chino&#8221; Tapia protagoniz\u00f3 la parte emotiva y se gan\u00f3 nuevamente los aplausos cuando nombr\u00f3 a todos los campeones del Mundo fallecidos: Rub\u00e9n Galv\u00e1n, Ren\u00e9 Houseman y Leopoldo Luque del &#8217;78 y Jos\u00e9 Luis Cucciufo, Jos\u00e9 Luis Brown y Diego Maradona, del &#8217;86.<\/p>\n\n\n\n<p>&#8220;Los del &#8217;78 fueron nuestros referentes y en M\u00e9xico hicimos nuestra historia con el mejor del Mundo, al que extra\u00f1amos&#8221;, remarc\u00f3 Tapia.<\/p>\n\n\n\n<p>&#8220;La Copa representa la gloria pura del f\u00fatbol. Nosotros estamos para alentar y ayudar en lo que podamos. Estamos todos ilusionados. Es un competencia dura y dif\u00edcil, pero tenemos mucha fe&#8221;, dijo el &#8220;Gringo&#8221; Giusti.<\/p>\n\n\n\n<p>El &#8220;Conejo&#8221; Tarantini, uno de los protagonistas del &#8220;Abrazo del Alma&#8221; con Ubaldo Fillol en los festejos de 1978 cont\u00f3 su orgullo por &#8220;vestir la camiseta&#8221; del seleccionado ya que &#8220;representar a un pa\u00eds es lo mas lindo que le puede pasar a un jugador&#8221;.<\/p>\n\n\n\n<p>&#8220;Ojal\u00e1 haya m\u00e1s campeones del mundo&#8221;, dese\u00f3 el exdefensor, al igual que Omar Larrosa, quien alent\u00f3 al equipo que conduce Lionel Scaloni a seguir en este camino.<\/p>\n\n\n\n<p>Daniel Bertoni, autor de uno de los goles en la final disputada en el estadio Monumental contra Holanda, valor\u00f3 ese hecho y fue quien mencion\u00f3 al actual capit\u00e1n del seleccionado, Lionel Messi.<\/p>\n\n\n\n<p>&#8220;<strong>Espero que la tercera estrella la pueda levantar Messi<\/strong>, porque se lo merece. Vamos a hinchar por esta selecci\u00f3n porque es un equipo con actitud y mucho f\u00fatbol&#8221;, destac\u00f3.<\/p>\n\n\n\n<p>Luego de las palabras lleg\u00f3 el momento de desvelar al trofeo y all\u00ed posaron los seis campeones del Mundo que volvieron a levantar esa Copa hecha de oro macizo que pesa 6,142 kilos y cuyo dise\u00f1o recrea dos figuras humanas que sostienen un globo terr\u00e1queo.<\/p>\n\n\n\n<p><strong>La Copa del Mundo s\u00f3lo puede ser tocada y alzada por los campeones del mundo y los jefes de Estado de las 211 federaciones que integran la FIFA.<\/strong><\/p>\n\n\n\n<p>Esta es la quinta vez que el trofeo original est\u00e1 en Argentina, uno de los pocos pa\u00edses que particip\u00f3 en todas las giras previas organizadas por la empresa Coca-Cola, socia comercial de FIFA, en la cuenta regresiva de los anteriores Mundiales.<\/p>\n\n\n\n<p>La primera vez que lleg\u00f3 al pa\u00eds fue a Mar del Plata en 2006, camino al Mundial de Alemania, y en 2010, antes a Sud\u00e1frica, pas\u00f3 por C\u00f3rdoba. Volvi\u00f3 a la &#8220;Feliz&#8221; en el pr\u00f3logo de Brasil 2014 e inici\u00f3 un raid m\u00e1s extenso y federal en los preparativos de Rusia 2018. En aquella oportunidad, el trofeo estuvo en Berazategui, Ciudad de Buenos Aires, Rosario y Tucum\u00e1n.<\/p>\n\n\n\n<p>Por primera vez, la Copa del Mundo pasar\u00e1 por los 32 pa\u00edses que participar\u00e1n del Mundial de Qatar y en total recorrer\u00e1 51 territorios. Para 2030, la FIFA pretende que pase por los 211 pa\u00edses miembros.<\/p>\n\n\n\n<p>La Copa del Mundo lleg\u00f3 hoy mismo desde Brasil, y previamente estuvo en M\u00e9xico. Despu\u00e9s de la Argentina, la gira continuar\u00e1 por Uruguay.<\/p>\n\n\n\n<p>El camino del trofeo comenz\u00f3 en mayo en Dubai y terminar\u00e1 en Doha unos d\u00edas antes del inicio del Mundial.<\/p>\n\n\n\n<p>El trofeo original est\u00e1 La forma actual surgi\u00f3 en la edici\u00f3n de Alemania 1974 ya que previamente se entregaba el trofeo inspirado en un homenaje a Jules Rimet.<\/p>\n\n\n\n<p>El reglamento de la Copa del Mundo indica que los ganadores del torneo reciben en la coronaci\u00f3n el trofeo original pero luego es devuelto a la FIFA. Luego, la federaci\u00f3n ganadora recibe una r\u00e9plica, cubierta en oro, grabada con el a\u00f1o y el pa\u00eds anfitri\u00f3n.<\/p>\n","protected":false},"excerpt":{"rendered":"<p>Desde este mi\u00e9rcoles, el trofeo estar\u00e1 en exhibici\u00f3n para el p\u00fablico en el predio de La Rural.\u00a0Tarantini, Larrosa, Bertoni, Giusti, Batista y Tapia, los &#8220;privilegiados&#8221; que pudieron alzarla. La Copa&hellip; <\/p>\n","protected":false},"author":8,"featured_media":14478,"comment_status":"closed","ping_status":"open","sticky":false,"template":"","format":"standard","meta":{"footnotes":""},"categories":[4],"tags":[],"class_list":["post-14477","post","type-post","status-publish","format-standard","has-post-thumbnail","hentry","category-deportes"],"_links":{"self":[{"href":"https:\/\/corrientesdetarde.com\/index.php\/wp-json\/wp\/v2\/posts\/14477","targetHints":{"allow":["GET"]}}],"collection":[{"href":"https:\/\/corrientesdetarde.com\/index.php\/wp-json\/wp\/v2\/posts"}],"about":[{"href":"https:\/\/corrientesdetarde.com\/index.php\/wp-json\/wp\/v2\/types\/post"}],"author":[{"embeddable":true,"href":"https:\/\/corrientesdetarde.com\/index.php\/wp-json\/wp\/v2\/users\/8"}],"replies":[{"embeddable":true,"href":"https:\/\/corrientesdetarde.com\/index.php\/wp-json\/wp\/v2\/comments?post=14477"}],"version-history":[{"count":1,"href":"https:\/\/corrientesdetarde.com\/index.php\/wp-json\/wp\/v2\/posts\/14477\/revisions"}],"predecessor-version":[{"id":14479,"href":"https:\/\/corrientesdetarde.com\/index.php\/wp-json\/wp\/v2\/posts\/14477\/revisions\/14479"}],"wp:featuredmedia":[{"embeddable":true,"href":"https:\/\/corrientesdetarde.com\/index.php\/wp-json\/wp\/v2\/media\/14478"}],"wp:attachment":[{"href":"https:\/\/corrientesdetarde.com\/index.php\/wp-json\/wp\/v2\/media?parent=14477"}],"wp:term":[{"taxonomy":"category","embeddable":true,"href":"https:\/\/corrientesdetarde.com\/index.php\/wp-json\/wp\/v2\/categories?post=14477"},{"taxonomy":"post_tag","embeddable":true,"href":"https:\/\/corrientesdetarde.com\/index.php\/wp-json\/wp\/v2\/tags?post=14477"}],"curies":[{"name":"wp","href":"https:\/\/api.w.org\/{rel}","templated":true}]}}