{"id":144776,"date":"2024-05-03T18:42:20","date_gmt":"2024-05-03T21:42:20","guid":{"rendered":"https:\/\/corrientesdetarde.com\/?p=144776"},"modified":"2024-05-03T18:42:32","modified_gmt":"2024-05-03T21:42:32","slug":"el-banco-central-ya-compro-usd-15-000-millones-desde-el-comienzo-del-gobierno-de-javier-milei","status":"publish","type":"post","link":"https:\/\/corrientesdetarde.com\/index.php\/economia\/el-banco-central-ya-compro-usd-15-000-millones-desde-el-comienzo-del-gobierno-de-javier-milei\/","title":{"rendered":"El Banco Central ya compr\u00f3 USD 15.000 millones desde el comienzo del gobierno de Javier Milei."},"content":{"rendered":"\n<h2 class=\"wp-block-heading\">La entidad monetaria absorbi\u00f3 USD 144 millones este viernes y USD 600 millones en la semana. Las reservas subieron a USD 28.374 millones.<\/h2>\n\n\n\n<p>El monto operado en el mercado mayorista sigui\u00f3 d\u00e9bil este viernes, con USD 297,6 millones en el segmento de contado, casi la misma cifra del jueves, mientras que el\u00a0<strong>BCRA se alz\u00f3 con USD 144 millones<\/strong>\u00a0por su intervenci\u00f3n cambiaria, el 48,4% del total negociado.<\/p>\n\n\n\n<p>A lo largo de la semana la entidad monetaria absorbi\u00f3 USD 590 millones -no hubo negocios el mi\u00e9rcoles 1-, mientras que&nbsp;<strong>desde el lunes 11 de diciembre efectu\u00f3 compras netas por USD 15.046 millones<\/strong>&nbsp;en casi cinco meses. El Banco Central solo efectu\u00f3 ventas en cuatro ruedas operativas durante ese lapso desde que&nbsp;<strong>Santiago Bausili<\/strong>&nbsp;asumi\u00f3 la presidencia del organismo.<\/p>\n\n\n\n<p>Desde que\u00a0<strong>Javier Milei<\/strong>\u00a0lleg\u00f3 al Gobierno la entidad est\u00e1 comprando m\u00e1s de la mitad de los d\u00f3lares que el sector privado liquida en la plaza cambiaria. En abril acumul\u00f3 un saldo a favor con su intervenci\u00f3n de\u00a0<strong>USD 3.348 millones,\u00a0<\/strong>en el sexto mes con resultado positivo. Adem\u00e1s se trat\u00f3 del mejor mes para la intervenci\u00f3n del Central desde septiembre de 2022, cuando se aplic\u00f3 la primera versi\u00f3n del d\u00f3lar \u201csoja\u201d.<\/p>\n\n\n\n<p>Por otro lado, las&nbsp;<strong>reservas internacionales crecieron en USD 184 millones<\/strong>, a&nbsp;<strong>28.374 millones&nbsp;<\/strong>de d\u00f3lares. Las reservas brutas cedieron en la semana unos USD 1.763 millones, b\u00e1sicamente por el pago efectuado al FMI el martes 30. Bajo la administraci\u00f3n de La Libertad Avanza este stock aumenta en&nbsp;<strong>USD 7.166 millones<\/strong>&nbsp;(+33,8%) desde los USD 21.208 millones del 7 de diciembre.<\/p>\n\n\n\n<p>\u201cM\u00e1s all\u00e1 de la demora reciente, se estima que las liquidaciones podr\u00edan ganar mayor ritmo pr\u00f3ximamente y as\u00ed sostener el nivel de compras del BCRA a\u00fan en medio de una mayor participaci\u00f3n de los importadores. La renovada baja de tasas despert\u00f3, tal como ya hizo en el pasado, un reacomodamiento de los d\u00f3lares financieros aunque dicho deslizamiento ser\u00eda limitado y ordenado dentro de una etapa de estacional mayor oferta de divisas, a\u00fan cuando pudieran ir cerr\u00e1ndose algunas apuestas hacia el\u00a0<em>carry-trade<\/em>\u201d, coment\u00f3\u00a0<strong>Gustavo Ber<\/strong>, economista del Estudio Ber.<\/p>\n\n\n\n<p>Con 131 votos positivos, 117 votos negativos y 4 abstenciones, la C\u00e1mara de Diputados aprob\u00f3 esta semana el\u00a0<strong>R\u00e9gimen de Regularizaci\u00f3n de Activos<\/strong>, el nombre que escogi\u00f3 el Gobierno nacional para el proyecto de\u00a0<strong>blanqueo de capitales<\/strong>. Justamente , la regularizaci\u00f3n de esos d\u00f3lares, que en parte podr\u00edan regresar al sistema financiero, aportar\u00edan no solo al crecimiento de los dep\u00f3sitos e, indirectamente, a las reservas del BCRA, tambi\u00e9n apuntalar\u00edan el deca\u00eddo stock de cr\u00e9dito.<\/p>\n\n\n\n<p>Para los expertos del&nbsp;<strong>Grupo IEB<\/strong>&nbsp;(Invertir en Bolsa), un \u201cpunto de conflicto result\u00f3 ser el blanqueo, con cuestionamientos por parte de la oposici\u00f3n centr\u00e1ndose en el l\u00edmite de exclusi\u00f3n de funcionarios y ex funcionarios, la inclusi\u00f3n de no residentes, y la no investigaci\u00f3n sobre la procedencia de los fondos. El r\u00e9gimen establece un plazo para adherirse hasta el 30 de abril de 2025, con posibilidad de pr\u00f3rroga hasta el 31 de julio del mismo a\u00f1o, brindando la posibilidad de ingresar al sistema hasta USD 100.000 sin costo alguno, e incluso la posibilidad de ingresar montos mayores con al\u00edcuota cero, sujeto a condiciones especiales. En general, el ingreso de montos mayores al mencionado previamente implicar\u00e1 el cobro de al\u00edcuotas de entre 5% y 15% en base al momento de adhesi\u00f3n al r\u00e9gimen. Resta ver si en esta ocasi\u00f3n el blanqueo lograr\u00e1 ser tan exitoso como fue el del gobierno de Cambiemos, con m\u00e1s de USD 100.000 millones regularizados\u201d.<\/p>\n\n\n\n<p>Por otra parte, el Banco Central resolvi\u00f3 el jueves&nbsp;<strong>bajar la tasa de inter\u00e9s&nbsp;<\/strong>de referencia de 60% a 50% nominal anual, en base al sendero de desinflaci\u00f3n. De este modo tambi\u00e9n se redujo la rentabilidad de posiciones en moneda local como plazos fijos.<\/p>\n\n\n\n<p>\u201cEsta medida forma parte del plan de estabilizaci\u00f3n econ\u00f3mica, cuyo principal objetivo es reducir la inflaci\u00f3n. Por lo tanto, es probable que se mantenga esta pol\u00edtica hasta que se observen mejoras significativas en los indicadores de inflaci\u00f3n y se consolide la estabilidad econ\u00f3mica, lo que podr\u00eda ocurrir reci\u00e9n a fin de este 2024\u2033, afirm\u00f3\u00a0<strong>Norberto Saraceni<\/strong>, socio de la consultora BakerTilly.<\/p>\n\n\n\n<p><\/p>\n","protected":false},"excerpt":{"rendered":"<p>La entidad monetaria absorbi\u00f3 USD 144 millones este viernes y USD 600 millones en la semana. Las reservas subieron a USD 28.374 millones. El monto operado en el mercado mayorista&hellip; <\/p>\n","protected":false},"author":6,"featured_media":144777,"comment_status":"closed","ping_status":"open","sticky":false,"template":"","format":"standard","meta":{"footnotes":""},"categories":[20],"tags":[],"class_list":["post-144776","post","type-post","status-publish","format-standard","has-post-thumbnail","hentry","category-economia"],"_links":{"self":[{"href":"https:\/\/corrientesdetarde.com\/index.php\/wp-json\/wp\/v2\/posts\/144776","targetHints":{"allow":["GET"]}}],"collection":[{"href":"https:\/\/corrientesdetarde.com\/index.php\/wp-json\/wp\/v2\/posts"}],"about":[{"href":"https:\/\/corrientesdetarde.com\/index.php\/wp-json\/wp\/v2\/types\/post"}],"author":[{"embeddable":true,"href":"https:\/\/corrientesdetarde.com\/index.php\/wp-json\/wp\/v2\/users\/6"}],"replies":[{"embeddable":true,"href":"https:\/\/corrientesdetarde.com\/index.php\/wp-json\/wp\/v2\/comments?post=144776"}],"version-history":[{"count":1,"href":"https:\/\/corrientesdetarde.com\/index.php\/wp-json\/wp\/v2\/posts\/144776\/revisions"}],"predecessor-version":[{"id":144779,"href":"https:\/\/corrientesdetarde.com\/index.php\/wp-json\/wp\/v2\/posts\/144776\/revisions\/144779"}],"wp:featuredmedia":[{"embeddable":true,"href":"https:\/\/corrientesdetarde.com\/index.php\/wp-json\/wp\/v2\/media\/144777"}],"wp:attachment":[{"href":"https:\/\/corrientesdetarde.com\/index.php\/wp-json\/wp\/v2\/media?parent=144776"}],"wp:term":[{"taxonomy":"category","embeddable":true,"href":"https:\/\/corrientesdetarde.com\/index.php\/wp-json\/wp\/v2\/categories?post=144776"},{"taxonomy":"post_tag","embeddable":true,"href":"https:\/\/corrientesdetarde.com\/index.php\/wp-json\/wp\/v2\/tags?post=144776"}],"curies":[{"name":"wp","href":"https:\/\/api.w.org\/{rel}","templated":true}]}}