{"id":144832,"date":"2024-05-03T20:33:51","date_gmt":"2024-05-03T23:33:51","guid":{"rendered":"https:\/\/corrientesdetarde.com\/?p=144832"},"modified":"2024-05-03T20:34:03","modified_gmt":"2024-05-03T23:34:03","slug":"gustavo-valdes-destaco-el-trabajo-de-fabrica-maderera-en-goya","status":"publish","type":"post","link":"https:\/\/corrientesdetarde.com\/index.php\/politica\/gustavo-valdes-destaco-el-trabajo-de-fabrica-maderera-en-goya\/","title":{"rendered":"Gustavo Vald\u00e9s destac\u00f3 el trabajo de f\u00e1brica maderera\u00a0en Goya."},"content":{"rendered":"\n<h2 class=\"wp-block-heading\">En el marco de su estad\u00eda en la ciudad de Goya, donde se lleva adelante la 47\u00b0 Fiesta Nacional del Surub\u00ed, el gobernador Gustavo Vald\u00e9s recorri\u00f3 este viernes la maderera Carlos Carrea, &#8220;un emprendimiento correntino que agrega valor a nuestra materia prima&#8221;.<\/h2>\n\n\n\n<p>Acompa\u00f1ado por el ministro de Desarrollo Social, Ad\u00e1n Gaya, el mandatario provincial detall\u00f3, a trav\u00e9s de sus cuentas oficiales (@gustavovaldesok), que la misma firma, la cual realiza un &#8220;gran trabajo&#8221;, provee amoblamientos como camas, armarios, alacena, bajo mesada, mesas y sillas; muchos de los cuales son destinados a las viviendas construidas a lo largo y ancho de la provincia como parte del programa O\u00f1ondiv\u00e9, que lleva adelante el Instituto de Viviendas de Corrientes.<\/p>\n\n\n\n<figure class=\"wp-block-image\"><img decoding=\"async\" src=\"https:\/\/www.diarioepoca.com\/content\/bucket\/8\/1360778w790h526c.jpg.webp\" alt=\"\"\/><\/figure>\n","protected":false},"excerpt":{"rendered":"<p>En el marco de su estad\u00eda en la ciudad de Goya, donde se lleva adelante la 47\u00b0 Fiesta Nacional del Surub\u00ed, el gobernador Gustavo Vald\u00e9s recorri\u00f3 este viernes la maderera&hellip; <\/p>\n","protected":false},"author":6,"featured_media":144833,"comment_status":"closed","ping_status":"open","sticky":false,"template":"","format":"standard","meta":{"footnotes":""},"categories":[3],"tags":[],"class_list":["post-144832","post","type-post","status-publish","format-standard","has-post-thumbnail","hentry","category-politica"],"_links":{"self":[{"href":"https:\/\/corrientesdetarde.com\/index.php\/wp-json\/wp\/v2\/posts\/144832","targetHints":{"allow":["GET"]}}],"collection":[{"href":"https:\/\/corrientesdetarde.com\/index.php\/wp-json\/wp\/v2\/posts"}],"about":[{"href":"https:\/\/corrientesdetarde.com\/index.php\/wp-json\/wp\/v2\/types\/post"}],"author":[{"embeddable":true,"href":"https:\/\/corrientesdetarde.com\/index.php\/wp-json\/wp\/v2\/users\/6"}],"replies":[{"embeddable":true,"href":"https:\/\/corrientesdetarde.com\/index.php\/wp-json\/wp\/v2\/comments?post=144832"}],"version-history":[{"count":1,"href":"https:\/\/corrientesdetarde.com\/index.php\/wp-json\/wp\/v2\/posts\/144832\/revisions"}],"predecessor-version":[{"id":144834,"href":"https:\/\/corrientesdetarde.com\/index.php\/wp-json\/wp\/v2\/posts\/144832\/revisions\/144834"}],"wp:featuredmedia":[{"embeddable":true,"href":"https:\/\/corrientesdetarde.com\/index.php\/wp-json\/wp\/v2\/media\/144833"}],"wp:attachment":[{"href":"https:\/\/corrientesdetarde.com\/index.php\/wp-json\/wp\/v2\/media?parent=144832"}],"wp:term":[{"taxonomy":"category","embeddable":true,"href":"https:\/\/corrientesdetarde.com\/index.php\/wp-json\/wp\/v2\/categories?post=144832"},{"taxonomy":"post_tag","embeddable":true,"href":"https:\/\/corrientesdetarde.com\/index.php\/wp-json\/wp\/v2\/tags?post=144832"}],"curies":[{"name":"wp","href":"https:\/\/api.w.org\/{rel}","templated":true}]}}