{"id":144878,"date":"2024-05-04T10:16:57","date_gmt":"2024-05-04T13:16:57","guid":{"rendered":"https:\/\/corrientesdetarde.com\/?p=144878"},"modified":"2024-05-04T10:16:59","modified_gmt":"2024-05-04T13:16:59","slug":"demora-el-desagote-del-riachuelo-y-continua-la-asistencia-a-evacuados","status":"publish","type":"post","link":"https:\/\/corrientesdetarde.com\/index.php\/informacion-general\/demora-el-desagote-del-riachuelo-y-continua-la-asistencia-a-evacuados\/","title":{"rendered":"Demora el desagote del Riachuelo y contin\u00faa la asistencia a evacuados"},"content":{"rendered":"\n<p>Son alrededor de 30 familias las que todav\u00eda no pueden regresar a sus hogares. El tiempo no acompa\u00f1a, ya que el agua que desciende de Empedrado y Mburucuy\u00e1 termina en esa comuna. Las lluvias en las altas cuencas provocaron la crecida del r\u00edo Uruguay.<\/p>\n\n\n\n<p>San Luis del Palmar todav\u00eda siente los efectos de las lluvias. El Riachuelo est\u00e1 estacionado, pero todav\u00eda hay decenas de familias alojadas en los centros de evacuados. Seg\u00fan el pron\u00f3stico el tiempo mejorar\u00eda, por lo que estiman que en los pr\u00f3ximos d\u00edas m\u00e1s personas volver\u00edan a sus viviendas.<\/p>\n\n\n\n<p>La secretaria de Desarrollo Social de la Municipalidad de San Luis Del Palmar, Mariel Escalante, cont\u00f3: &#8220;La situaci\u00f3n no est\u00e1 mejorando r\u00e1pidamente. Est\u00e1 estacionario el r\u00edo, est\u00e1 dando tregua, pero la lluvia complicar\u00eda porque en muchas casas el agua todav\u00eda no baj\u00f3, sobre todo las que est\u00e1n cerca de la rivera&#8221;.<\/p>\n\n\n\n<p>A su vez, la funcionaria coment\u00f3: &#8220;El Intendente recorre con todo el equipo municipal las casas, o vamos nosotros y con equipos cortan el pasto, fumigan; se trata de dejar en condiciones la zona&#8221;.<\/p>\n\n\n\n<figure class=\"wp-block-image\"><img decoding=\"async\" src=\"https:\/\/www.diarioepoca.com\/content\/bucket\/2\/1360832w380h132c.jpg.webp\" alt=\"\"\/><\/figure>\n\n\n\n<p>Asimismo, Mariel Escalante, afirm\u00f3: &#8220;Las familias van y vienen todos los d\u00edas a su casa, y del hospital vienen a atender a las personas&#8221;.<\/p>\n\n\n\n<p>Acerca del pron\u00f3stico del tiempo, la funcionaria dijo: &#8220;Las lluvias van a cesar, pero esto cambia constantemente. Esperemos que la semana que viene puedan regresar algunas familias aunque sea. Tenemos 23 familias en un centro, un total de 80 personas, y ten\u00edamos ocho familias en otro centro y quedaron 7, que ser\u00edan unas 20 personas&#8221;.<\/p>\n\n\n\n<figure class=\"wp-block-image\"><img decoding=\"async\" src=\"https:\/\/www.diarioepoca.com\/content\/bucket\/5\/1360835w380h224c.jpg.webp\" alt=\"\"\/><\/figure>\n\n\n\n<p>Por su parte, Orlando Bertoni, jefe de Operaciones de Defensa Civil, en comunicaci\u00f3n con \u00e9poca inform\u00f3 que son alrededor de 300 personas las que permanecen fuera de sus casas en San Luis del Palmar.<\/p>\n\n\n\n<figure class=\"wp-block-image\"><img decoding=\"async\" src=\"https:\/\/www.diarioepoca.com\/content\/bucket\/4\/1360834w380h225c.jpg.webp\" alt=\"\"\/><\/figure>\n\n\n\n<p>&#8220;Hay que diferenciar lo que ocurre en San Luis. Por un lado est\u00e1n los evacuados y por otro los autoevacuados. Si bien en ambos casos cuentan con asistencia de la Comuna y el Gobierno de la Provincia, alrededor de 30 familias se encuentran en los centros de evacuados de la localidad cercana a la capital de la provincia&#8221;, sentenci\u00f3 el funcionario.<\/p>\n\n\n\n<figure class=\"wp-block-image\"><img decoding=\"async\" src=\"https:\/\/www.diarioepoca.com\/content\/bucket\/3\/1360833w380h132c.jpg.webp\" alt=\"\"\/><\/figure>\n\n\n\n<h2 class=\"wp-block-heading\">El Gobierno asiste y mira de cerca el r\u00edo Uruguay<\/h2>\n\n\n\n<p>El Ministerio de Desarrollo Social de la Provincia, a cargo del Ministro Ad\u00e1n Gaya, tras las inclemencias clim\u00e1ticas sobrevenidas en la localidad de Yapey\u00fa, brind\u00f3 ayer asistencia a los afectados.<\/p>\n\n\n\n<figure class=\"wp-block-image\"><img decoding=\"async\" src=\"https:\/\/www.diarioepoca.com\/content\/bucket\/6\/1360836w380h237c.jpg.webp\" alt=\"\"\/><\/figure>\n\n\n\n<p>La acci\u00f3n se llev\u00f3 a cabo a trav\u00e9s de un equipo t\u00e9cnico de la Direcci\u00f3n de Planificaci\u00f3n e Identificaci\u00f3n de Necesidades Cr\u00edticas cuya directora es Romina Bravo.<\/p>\n\n\n\n<p>El Gobierno de la Provincia sigue de cerca el estado del r\u00edo Uruguay. Ayer por la tarde, en el puerto de la localidad de Santo Tom\u00e9 fue de 19,18 metros. Con estos n\u00fameros hubo una suba de siete cent\u00edmetros. En el puerto de El Soberbio (Misiones) fue de 15,20 metros.<\/p>\n","protected":false},"excerpt":{"rendered":"<p>Son alrededor de 30 familias las que todav\u00eda no pueden regresar a sus hogares. El tiempo no acompa\u00f1a, ya que el agua que desciende de Empedrado y Mburucuy\u00e1 termina en&hellip; <\/p>\n","protected":false},"author":3,"featured_media":144889,"comment_status":"closed","ping_status":"open","sticky":false,"template":"","format":"standard","meta":{"footnotes":""},"categories":[1],"tags":[],"class_list":["post-144878","post","type-post","status-publish","format-standard","has-post-thumbnail","hentry","category-informacion-general"],"_links":{"self":[{"href":"https:\/\/corrientesdetarde.com\/index.php\/wp-json\/wp\/v2\/posts\/144878","targetHints":{"allow":["GET"]}}],"collection":[{"href":"https:\/\/corrientesdetarde.com\/index.php\/wp-json\/wp\/v2\/posts"}],"about":[{"href":"https:\/\/corrientesdetarde.com\/index.php\/wp-json\/wp\/v2\/types\/post"}],"author":[{"embeddable":true,"href":"https:\/\/corrientesdetarde.com\/index.php\/wp-json\/wp\/v2\/users\/3"}],"replies":[{"embeddable":true,"href":"https:\/\/corrientesdetarde.com\/index.php\/wp-json\/wp\/v2\/comments?post=144878"}],"version-history":[{"count":1,"href":"https:\/\/corrientesdetarde.com\/index.php\/wp-json\/wp\/v2\/posts\/144878\/revisions"}],"predecessor-version":[{"id":144914,"href":"https:\/\/corrientesdetarde.com\/index.php\/wp-json\/wp\/v2\/posts\/144878\/revisions\/144914"}],"wp:featuredmedia":[{"embeddable":true,"href":"https:\/\/corrientesdetarde.com\/index.php\/wp-json\/wp\/v2\/media\/144889"}],"wp:attachment":[{"href":"https:\/\/corrientesdetarde.com\/index.php\/wp-json\/wp\/v2\/media?parent=144878"}],"wp:term":[{"taxonomy":"category","embeddable":true,"href":"https:\/\/corrientesdetarde.com\/index.php\/wp-json\/wp\/v2\/categories?post=144878"},{"taxonomy":"post_tag","embeddable":true,"href":"https:\/\/corrientesdetarde.com\/index.php\/wp-json\/wp\/v2\/tags?post=144878"}],"curies":[{"name":"wp","href":"https:\/\/api.w.org\/{rel}","templated":true}]}}