{"id":144880,"date":"2024-05-04T10:16:53","date_gmt":"2024-05-04T13:16:53","guid":{"rendered":"https:\/\/corrientesdetarde.com\/?p=144880"},"modified":"2024-05-04T10:16:55","modified_gmt":"2024-05-04T13:16:55","slug":"transportistas-escolares-comienzan-mayo-con-aumentos","status":"publish","type":"post","link":"https:\/\/corrientesdetarde.com\/index.php\/informacion-general\/transportistas-escolares-comienzan-mayo-con-aumentos\/","title":{"rendered":"Transportistas escolares comienzan mayo con aumentos"},"content":{"rendered":"\n<p>La suba del combustible y otros insumos provocaron que los propietarios de los veh\u00edculos que trasladan a estudiantes del nivel primario e inicial rearmen su andamiaje en el tercer mes del presente ciclo lectivo. La mayor\u00eda cuenta con tarifas que van desde los $30.000 en adelante.<\/p>\n\n\n\n<p>Los transportistas escolares de la ciudad de Corrientes retocar\u00e1n las tarifas en el mes de mayo. Si bien lo analizan de manera particular, un buen porcentaje decidi\u00f3 que este a\u00f1o, debido a las variables econ\u00f3micas producidas por la inflaci\u00f3n, mes a mes evaluar\u00e1n el cuadro tarifario.<\/p>\n\n\n\n<p>En promedio, en el mes de abril la mayor\u00eda de los pasajeros que viajaron ida y vuelta abonaron alrededor de 30.000 pesos.<\/p>\n\n\n\n<figure class=\"wp-block-image\"><img decoding=\"async\" src=\"https:\/\/www.diarioepoca.com\/content\/bucket\/9\/1360799w380h260c.jpg.webp\" alt=\"\"\/><figcaption class=\"wp-element-caption\">EL COSTO DEL COMBUSTIBLE ES UNO DE LOS PUNTOS M\u00c1S CR\u00cdTICOS DEL SECTOR.<\/figcaption><\/figure>\n\n\n\n<p>Pedro Abas, representante de la Asociaci\u00f3n de Transporte de Escolares de la ciudad de Corrientes, brind\u00f3 detalles sobre los ajustes tarifarios en el servicio.<\/p>\n\n\n\n<p>El representante del sector explic\u00f3 que las actualizaciones de precio se realizan mensualmente en funci\u00f3n de la econom\u00eda, como se hab\u00eda mencionado anteriormente a principio de a\u00f1o.<\/p>\n\n\n\n<p>&#8220;Tratamos de que los ajustes no impacten tanto en el bolsillo del usuario porque la verdad es que en la actualidad el incremento de 2.000 pesos es insignificante a lo que uno puede comprar con ese dinero en cualquier comercio&#8221;, dijo el trabajador en di\u00e1logo con el portal de Continental Corrientes.<\/p>\n\n\n\n<p>Por otro lado, el conductor de otras de las combis que realizan traslado de estudiantes del nivel inicial, pero en su gran mayor\u00eda del nivel primario, coment\u00f3 que hasta el momento solo se program\u00f3 el aumento para el mes de mayo.<\/p>\n\n\n\n<figure class=\"wp-block-image\"><img decoding=\"async\" src=\"https:\/\/www.diarioepoca.com\/content\/bucket\/6\/1360846w380h132c.jpg.webp\" alt=\"\"\/><\/figure>\n\n\n\n<p>&#8220;Hasta ahora solo se programa la suba de costo de la tarifa para el mes que estamos iniciando. En nuestro caso es de 3.000 pesos por cada pasajero transportado. Depende del recorrido de cada transporte, pero esa es la base de la suba de este mes&#8221;, explic\u00f3.<\/p>\n\n\n\n<p>&#8220;Cada transporte es due\u00f1o de su econom\u00eda y maneja sus costos. El transporte escolar ac\u00e1 es el m\u00e1s barato del pa\u00eds y con lo que se cobra comparativamente hoy estamos casi igual que el colectivo. Adem\u00e1s es un servicio que no est\u00e1 subsidiado y diferenciado&#8221;, se\u00f1al\u00f3 Abas.<\/p>\n\n\n\n<figure class=\"wp-block-image\"><img decoding=\"async\" src=\"https:\/\/www.diarioepoca.com\/content\/bucket\/5\/1360845w380h224c.jpg.webp\" alt=\"\"\/><\/figure>\n\n\n\n<p>Estos comercios reflejan la atenci\u00f3n de los transportistas hacia el impacto econ\u00f3mico que pueden tener los ajustes en las familias, as\u00ed como la planificaci\u00f3n en torno a los incrementos tarifarios para garantizar un servicio sostenible y de calidad.<\/p>\n\n\n\n<p>Gregorio Romero es uno de los transportistas de mayor antig\u00fcedad en la capital. En su caso, inform\u00f3 a sus clientes que este mes la tarifa tendr\u00e1 incrementos.<\/p>\n\n\n\n<p>Argument\u00f3 que esta medida se debe a la suba del combustible y de los insumos para el mantenimiento de los veh\u00edculos. &#8220;El aumento es m\u00ednimo. Los costos para mantener el transporte es elevado y esto lo vivimos a diario cuando vamos al supermercado&#8221;, expres\u00f3 el trabajador en comunicaci\u00f3n con \u00e9poca.<\/p>\n","protected":false},"excerpt":{"rendered":"<p>La suba del combustible y otros insumos provocaron que los propietarios de los veh\u00edculos que trasladan a estudiantes del nivel primario e inicial rearmen su andamiaje en el tercer mes&hellip; <\/p>\n","protected":false},"author":3,"featured_media":144887,"comment_status":"closed","ping_status":"open","sticky":false,"template":"","format":"standard","meta":{"footnotes":""},"categories":[1],"tags":[],"class_list":["post-144880","post","type-post","status-publish","format-standard","has-post-thumbnail","hentry","category-informacion-general"],"_links":{"self":[{"href":"https:\/\/corrientesdetarde.com\/index.php\/wp-json\/wp\/v2\/posts\/144880","targetHints":{"allow":["GET"]}}],"collection":[{"href":"https:\/\/corrientesdetarde.com\/index.php\/wp-json\/wp\/v2\/posts"}],"about":[{"href":"https:\/\/corrientesdetarde.com\/index.php\/wp-json\/wp\/v2\/types\/post"}],"author":[{"embeddable":true,"href":"https:\/\/corrientesdetarde.com\/index.php\/wp-json\/wp\/v2\/users\/3"}],"replies":[{"embeddable":true,"href":"https:\/\/corrientesdetarde.com\/index.php\/wp-json\/wp\/v2\/comments?post=144880"}],"version-history":[{"count":1,"href":"https:\/\/corrientesdetarde.com\/index.php\/wp-json\/wp\/v2\/posts\/144880\/revisions"}],"predecessor-version":[{"id":144912,"href":"https:\/\/corrientesdetarde.com\/index.php\/wp-json\/wp\/v2\/posts\/144880\/revisions\/144912"}],"wp:featuredmedia":[{"embeddable":true,"href":"https:\/\/corrientesdetarde.com\/index.php\/wp-json\/wp\/v2\/media\/144887"}],"wp:attachment":[{"href":"https:\/\/corrientesdetarde.com\/index.php\/wp-json\/wp\/v2\/media?parent=144880"}],"wp:term":[{"taxonomy":"category","embeddable":true,"href":"https:\/\/corrientesdetarde.com\/index.php\/wp-json\/wp\/v2\/categories?post=144880"},{"taxonomy":"post_tag","embeddable":true,"href":"https:\/\/corrientesdetarde.com\/index.php\/wp-json\/wp\/v2\/tags?post=144880"}],"curies":[{"name":"wp","href":"https:\/\/api.w.org\/{rel}","templated":true}]}}