{"id":144882,"date":"2024-05-04T10:16:50","date_gmt":"2024-05-04T13:16:50","guid":{"rendered":"https:\/\/corrientesdetarde.com\/?p=144882"},"modified":"2024-05-04T10:16:51","modified_gmt":"2024-05-04T13:16:51","slug":"la-fiesta-del-surubi-se-alista-para-su-majestuosa-largada-de-lanchas","status":"publish","type":"post","link":"https:\/\/corrientesdetarde.com\/index.php\/informacion-general\/la-fiesta-del-surubi-se-alista-para-su-majestuosa-largada-de-lanchas\/","title":{"rendered":"La Fiesta del Surub\u00ed se alista para su majestuosa largada de lanchas"},"content":{"rendered":"\n<p>Ser\u00e1n 1.160 equipos los que ir\u00e1n en busca del &#8220;Tigre del Paran\u00e1&#8221;. La largada oficial ser\u00e1 a las 15 y el r\u00edo, hasta ayer, se encontraba a una altura de cuatro metros. Por la noche, el plato fuerte ser\u00e1 el cierre de la jornada con La Delio Valdez.<\/p>\n\n\n\n<p>Uno de los espect\u00e1culos m\u00e1s emocionantes se vivir\u00e1 hoy en la 47\u00aa Fiesta Nacional de Surub\u00ed. Se trata de la largada de lanchas que este a\u00f1o superan las 1.160 embarcaciones.<\/p>\n\n\n\n<p>A partir de las 15, hasta las 8 de ma\u00f1ana domingo 5 de mayo, se realizar\u00e1 el torneo con la modalidad de pesca y devoluci\u00f3n.<\/p>\n\n\n\n<p>Los pescadores y la comunidad en general de Goya se prepara para uno de los momentos m\u00e1s especiales que ofrece la fiesta: la largada de embarcaciones.<\/p>\n\n\n\n<p>Desde muy temprano comenzar\u00e1n la traves\u00eda en las bajadas de lancha e ir al parque cerrado desde donde partir\u00e1n a las 14, el grupo de menor HP, en tanto que las embarcaciones de motores grandes lo har\u00e1n desde las 15 custodiadas por Prefectura Naval que har\u00e1 los controles respectivos junto a los fiscales del evento.<\/p>\n\n\n\n<p>Cabe recordar que el nivel del r\u00edo Paran\u00e1 frente al puerto de Goya superaba en la jornada de ayer los cuatro metros en creciente.<\/p>\n\n\n\n<figure class=\"wp-block-image\"><img decoding=\"async\" src=\"https:\/\/www.diarioepoca.com\/content\/bucket\/6\/1360826w380h202c.jpg.webp\" alt=\"\"\/><\/figure>\n\n\n\n<p>En un pormenorizado trabajo de la Comisi\u00f3n Municipal de Pesca (COMUPE), y las \u00e1reas correspondientes a la fiscalizaci\u00f3n del concurso, establecieron el mapa oficial del Mundial de Pesca 2024. La fiscal\u00eda general estar\u00e1 a cargo de Jos\u00e9 Lorenz\u00f3n.<\/p>\n\n\n\n<p>Por tal motivo, la COMUPE dio a conocer, para todos los pescadores que formar\u00e1n parte del concurso, las zonas de pesca con la delimitaci\u00f3n del mapa satelital oficial. Al respecto, Jos\u00e9 Lorenz\u00f3n coment\u00f3: &#8220;El mapa resulta del trabajo de la comisi\u00f3n en cada edici\u00f3n, con la adecuada integraci\u00f3n de equipos por zonas. Los pescadores pueden visibilizar en dicho mapa la informaci\u00f3n detallada&#8221;.<\/p>\n\n\n\n<h2 class=\"wp-block-heading\">Sigue la Fiesta<\/h2>\n\n\n\n<p>Junto a la pesca tambi\u00e9n se desarrollan innumerables actividades en el predio Costa Surub\u00ed y en los escenarios para los festivales musicales que se dan dentro de la fiesta que finalizar\u00e1 ma\u00f1ana domingo.<\/p>\n\n\n\n<p>La gente pudo degustar de asados y otras comidas t\u00edpicas para disfrutar en familia y con amigos. Tambi\u00e9n, al cierre de esta edici\u00f3n, se esperaba la presencia del cantante Luck Ra, quien desembarcar\u00eda por primera vez en la segunda ciudad de la provincia llevando su ritmo cuartetero y bien cordob\u00e9s para todos. Adem\u00e1s se eleg\u00eda a la nueva soberana de la 47\u00aa Fiesta Nacional del Surub\u00ed.<\/p>\n\n\n\n<p>Para hoy tambi\u00e9n se espera una importante grilla de artistas con un cierre de jornada a toda cumbia con La Delio Valdez en el escenario Juan Melero; una fiesta que es todo un \u00e9xito y hoy tendr\u00e1 su plato fuerte con la largada de lanchas.<\/p>\n\n\n\n<figure class=\"wp-block-image\"><img decoding=\"async\" src=\"https:\/\/www.diarioepoca.com\/content\/bucket\/7\/1360827w380h460c.jpg.webp\" alt=\"\"\/><\/figure>\n","protected":false},"excerpt":{"rendered":"<p>Ser\u00e1n 1.160 equipos los que ir\u00e1n en busca del &#8220;Tigre del Paran\u00e1&#8221;. La largada oficial ser\u00e1 a las 15 y el r\u00edo, hasta ayer, se encontraba a una altura de&hellip; <\/p>\n","protected":false},"author":3,"featured_media":144885,"comment_status":"closed","ping_status":"open","sticky":false,"template":"","format":"standard","meta":{"footnotes":""},"categories":[1],"tags":[],"class_list":["post-144882","post","type-post","status-publish","format-standard","has-post-thumbnail","hentry","category-informacion-general"],"_links":{"self":[{"href":"https:\/\/corrientesdetarde.com\/index.php\/wp-json\/wp\/v2\/posts\/144882","targetHints":{"allow":["GET"]}}],"collection":[{"href":"https:\/\/corrientesdetarde.com\/index.php\/wp-json\/wp\/v2\/posts"}],"about":[{"href":"https:\/\/corrientesdetarde.com\/index.php\/wp-json\/wp\/v2\/types\/post"}],"author":[{"embeddable":true,"href":"https:\/\/corrientesdetarde.com\/index.php\/wp-json\/wp\/v2\/users\/3"}],"replies":[{"embeddable":true,"href":"https:\/\/corrientesdetarde.com\/index.php\/wp-json\/wp\/v2\/comments?post=144882"}],"version-history":[{"count":1,"href":"https:\/\/corrientesdetarde.com\/index.php\/wp-json\/wp\/v2\/posts\/144882\/revisions"}],"predecessor-version":[{"id":144909,"href":"https:\/\/corrientesdetarde.com\/index.php\/wp-json\/wp\/v2\/posts\/144882\/revisions\/144909"}],"wp:featuredmedia":[{"embeddable":true,"href":"https:\/\/corrientesdetarde.com\/index.php\/wp-json\/wp\/v2\/media\/144885"}],"wp:attachment":[{"href":"https:\/\/corrientesdetarde.com\/index.php\/wp-json\/wp\/v2\/media?parent=144882"}],"wp:term":[{"taxonomy":"category","embeddable":true,"href":"https:\/\/corrientesdetarde.com\/index.php\/wp-json\/wp\/v2\/categories?post=144882"},{"taxonomy":"post_tag","embeddable":true,"href":"https:\/\/corrientesdetarde.com\/index.php\/wp-json\/wp\/v2\/tags?post=144882"}],"curies":[{"name":"wp","href":"https:\/\/api.w.org\/{rel}","templated":true}]}}