{"id":144891,"date":"2024-05-04T09:08:05","date_gmt":"2024-05-04T12:08:05","guid":{"rendered":"https:\/\/corrientesdetarde.com\/?p=144891"},"modified":"2024-05-04T09:08:08","modified_gmt":"2024-05-04T12:08:08","slug":"que-dijo-el-intendente-correntino-tras-ser-condenado-por-corrupcion","status":"publish","type":"post","link":"https:\/\/corrientesdetarde.com\/index.php\/politica\/que-dijo-el-intendente-correntino-tras-ser-condenado-por-corrupcion\/","title":{"rendered":"Qu\u00e9 dijo el intendente correntino tras ser condenado por corrupci\u00f3n"},"content":{"rendered":"\n<p>Se trata de Diego Caram que fue encontrado culpable por el incumplimiento de funcionario p\u00fablico, peculado y falsificaci\u00f3n de documentos p\u00fablicos. Tras el fallo de la Justicia,\u00a0 &#8220;Tape&#8221; acudi\u00f3 a las redes sociales para realizar su descargo.\u00a0<\/p>\n\n\n\n<p>&#8220;Quiero agradecer a todas las personas que me est\u00e1n haciendo llegar su cari\u00f1o y apoyo en este momento&#8221;. Con esas palabras de agradecimiento comienza el texto que public\u00f3 el intendente Mercedes, Diego &#8220;Tape&#8221; Caram, en sus redes sociales, luego de haber sido juzgado por incumplimiento de funcionario p\u00fablico, peculado y falsificaci\u00f3n de documentos p\u00fablicos.<\/p>\n\n\n\n<p>En la publicaci\u00f3n tambi\u00e9n escribi\u00f3: &#8220;Lo sucedido el d\u00eda de hoy (por ayer viernes) &nbsp;es una pelea m\u00e1s que debemos dar en este camino de buscar una realidad diferente&#8221;.<\/p>\n\n\n\n<p>Luego, a\u00f1adi\u00f3 que &#8220;esto no termina, acudiremos a todas las instancias de apelaciones. Conf\u00edo que la Justicia demostrar\u00e1 la inocencia de quienes estamos involucrados en esta causa&#8221;.<\/p>\n\n\n\n<p>Seguidamente dijo: &#8220;Reafirmo mi respeto por las instituciones del estado y los principios de la rep\u00fablica y la democracia, puesto que se gobierna ganando elecciones&#8221;.<\/p>\n\n\n\n<p>Para cerrar el posteo remarc\u00f3 que &#8220;seguiremos trabajando junto al equipo por la ciudad que todos amamos&#8221;.<\/p>\n\n\n\n<p>Caram fue condenado por parte del Tribunal Oral Penal de Mercedes -actual Tribunal de Juicio- de la tercera circunscripci\u00f3n &nbsp;que resolvi\u00f3 en la sentencia 12\/24 y por veredicto un\u00e1nime declararlo penalmente responsable al actual, de los delitos de incumplimiento de deberes de funcionario p\u00fablico, peculado, falsificaci\u00f3n de documentos p\u00fablicos y sustracci\u00f3n de documentos como autor en el primer delito y coautor en los restantes.<\/p>\n\n\n\n<p>As\u00ed tambi\u00e9n, declar\u00f3 al funcionario Pedro Brun como responsable de los delitos de peculado, falsificaci\u00f3n de documentos p\u00fablicos y sustracci\u00f3n de documentos en calidad de coautor.<\/p>\n\n\n\n<figure class=\"wp-block-image\"><img decoding=\"async\" src=\"https:\/\/www.diarioepoca.com\/content\/bucket\/1\/1360851w600h400c.jpg.webp\" alt=\"\"\/><figcaption class=\"wp-element-caption\">En 2021, Caram fue reelecto como intendente con casi el 40% de los votos<\/figcaption><\/figure>\n\n\n\n<p>Claudio Deimundo fue declarado responsable de peculado y falsificaci\u00f3n de documentos; Mari\u00e1ngeles Garc\u00eda Fari\u00f1a, de peculado y falsificaci\u00f3n de documentos; Gabriela G\u00f3mez, peculado y falsificaci\u00f3n de documentos y Cecilia Casco fue declarada responsable por la sustracci\u00f3n de documentos.<\/p>\n","protected":false},"excerpt":{"rendered":"<p>Se trata de Diego Caram que fue encontrado culpable por el incumplimiento de funcionario p\u00fablico, peculado y falsificaci\u00f3n de documentos p\u00fablicos. Tras el fallo de la Justicia,\u00a0 &#8220;Tape&#8221; acudi\u00f3 a&hellip; <\/p>\n","protected":false},"author":3,"featured_media":144906,"comment_status":"closed","ping_status":"open","sticky":false,"template":"","format":"standard","meta":{"footnotes":""},"categories":[3],"tags":[],"class_list":["post-144891","post","type-post","status-publish","format-standard","has-post-thumbnail","hentry","category-politica"],"_links":{"self":[{"href":"https:\/\/corrientesdetarde.com\/index.php\/wp-json\/wp\/v2\/posts\/144891","targetHints":{"allow":["GET"]}}],"collection":[{"href":"https:\/\/corrientesdetarde.com\/index.php\/wp-json\/wp\/v2\/posts"}],"about":[{"href":"https:\/\/corrientesdetarde.com\/index.php\/wp-json\/wp\/v2\/types\/post"}],"author":[{"embeddable":true,"href":"https:\/\/corrientesdetarde.com\/index.php\/wp-json\/wp\/v2\/users\/3"}],"replies":[{"embeddable":true,"href":"https:\/\/corrientesdetarde.com\/index.php\/wp-json\/wp\/v2\/comments?post=144891"}],"version-history":[{"count":1,"href":"https:\/\/corrientesdetarde.com\/index.php\/wp-json\/wp\/v2\/posts\/144891\/revisions"}],"predecessor-version":[{"id":144907,"href":"https:\/\/corrientesdetarde.com\/index.php\/wp-json\/wp\/v2\/posts\/144891\/revisions\/144907"}],"wp:featuredmedia":[{"embeddable":true,"href":"https:\/\/corrientesdetarde.com\/index.php\/wp-json\/wp\/v2\/media\/144906"}],"wp:attachment":[{"href":"https:\/\/corrientesdetarde.com\/index.php\/wp-json\/wp\/v2\/media?parent=144891"}],"wp:term":[{"taxonomy":"category","embeddable":true,"href":"https:\/\/corrientesdetarde.com\/index.php\/wp-json\/wp\/v2\/categories?post=144891"},{"taxonomy":"post_tag","embeddable":true,"href":"https:\/\/corrientesdetarde.com\/index.php\/wp-json\/wp\/v2\/tags?post=144891"}],"curies":[{"name":"wp","href":"https:\/\/api.w.org\/{rel}","templated":true}]}}