{"id":144908,"date":"2024-05-04T11:24:04","date_gmt":"2024-05-04T14:24:04","guid":{"rendered":"https:\/\/corrientesdetarde.com\/?p=144908"},"modified":"2024-05-04T11:24:16","modified_gmt":"2024-05-04T14:24:16","slug":"eligieron-a-la-nueva-reina-nacional-del-surubi","status":"publish","type":"post","link":"https:\/\/corrientesdetarde.com\/index.php\/informacion-general\/eligieron-a-la-nueva-reina-nacional-del-surubi\/","title":{"rendered":"Eligieron a la nueva Reina Nacional del Surub\u00ed"},"content":{"rendered":"\n<p>Se realiz\u00f3 la elecci\u00f3n de Reina de la edici\u00f3n 47 de la Fiesta Nacional del Surub\u00ed. El evento cont\u00f3 con la conducci\u00f3n de Arturo Cuadrado y Lourdes Sanchez y un show \u00fanico de Luck Ra.\u00a0<\/p>\n\n\n\n<p>En la Noche del Viernes 3 de Mayo, se llev\u00f3 adelante la elecci\u00f3n de Reina de la Fiesta Nacional del Surub\u00ed. La Conducci\u00f3n estuvo a cargo del Locutor Arturo Cuadrado y como invitada especial la conductora y bailarina Lourdes Sanchez.&nbsp;<\/p>\n\n\n\n<p>Pese a la tenue llovizna que se apodero de la noche el publico no par\u00f3 de alentar a cada postulante a Reina, Bailar con la musica de Os Demonios que es una banda local que mezcla ritmos brasileros junto a covers. Adem\u00e1s el evento conto con un momento emotivo recordando al entra\u00f1able compa\u00f1ero y locutor de los pescadores Antonio Poroto Espinoza. Luego sigui\u00f3 el turno de Luck Ra, quien estuvo una hora en el escenario y el publico no par\u00f3 de gritar sus temas y moverse en un Show a cielo abierto increible.<\/p>\n\n\n\n<p>&nbsp;Finalmente se consagraron 2\u00b0 Princesa: Agustina Moyano representando a la barra pesquera central goya, 1\u00b0 Princesa: Milagros Ibarra representando a la barra pesquera surub\u00ed yap\u00fa y la corona a Reina de la edici\u00f3n 47 de la Fiesta Nacional del Surub\u00ed recay\u00f3 en Priscila Fanega quien represent\u00f3 a la barra pesquera moncholitos verdes.<\/p>\n\n\n\n<figure class=\"wp-block-image\"><img decoding=\"async\" src=\"https:\/\/www.diarioepoca.com\/content\/bucket\/5\/1360855w790h528c.jpg.webp\" alt=\"\"\/><\/figure>\n\n\n\n<p>En di\u00e1logo con Radio Dos, Priscila expres\u00f3: &#8220;Me siento muy emocionada, es una alegria muy grande para mi ya que la pesca significa mucho para mi familia. Esta corona, se la dedico en especial a mi abuelo que siempre me inculc\u00f3 lo que representa nuestra Fiesta y adem\u00e1s me cre\u00f3 el interes de ser una pescadora. S\u00e9 que como Reina voy a alentar a que mas mujeres se animen a participar en este Mundial de pesca&#8221;.<\/p>\n","protected":false},"excerpt":{"rendered":"<p>Se realiz\u00f3 la elecci\u00f3n de Reina de la edici\u00f3n 47 de la Fiesta Nacional del Surub\u00ed. El evento cont\u00f3 con la conducci\u00f3n de Arturo Cuadrado y Lourdes Sanchez y un&hellip; <\/p>\n","protected":false},"author":3,"featured_media":144915,"comment_status":"closed","ping_status":"open","sticky":false,"template":"","format":"standard","meta":{"footnotes":""},"categories":[1],"tags":[],"class_list":["post-144908","post","type-post","status-publish","format-standard","has-post-thumbnail","hentry","category-informacion-general"],"_links":{"self":[{"href":"https:\/\/corrientesdetarde.com\/index.php\/wp-json\/wp\/v2\/posts\/144908","targetHints":{"allow":["GET"]}}],"collection":[{"href":"https:\/\/corrientesdetarde.com\/index.php\/wp-json\/wp\/v2\/posts"}],"about":[{"href":"https:\/\/corrientesdetarde.com\/index.php\/wp-json\/wp\/v2\/types\/post"}],"author":[{"embeddable":true,"href":"https:\/\/corrientesdetarde.com\/index.php\/wp-json\/wp\/v2\/users\/3"}],"replies":[{"embeddable":true,"href":"https:\/\/corrientesdetarde.com\/index.php\/wp-json\/wp\/v2\/comments?post=144908"}],"version-history":[{"count":1,"href":"https:\/\/corrientesdetarde.com\/index.php\/wp-json\/wp\/v2\/posts\/144908\/revisions"}],"predecessor-version":[{"id":144919,"href":"https:\/\/corrientesdetarde.com\/index.php\/wp-json\/wp\/v2\/posts\/144908\/revisions\/144919"}],"wp:featuredmedia":[{"embeddable":true,"href":"https:\/\/corrientesdetarde.com\/index.php\/wp-json\/wp\/v2\/media\/144915"}],"wp:attachment":[{"href":"https:\/\/corrientesdetarde.com\/index.php\/wp-json\/wp\/v2\/media?parent=144908"}],"wp:term":[{"taxonomy":"category","embeddable":true,"href":"https:\/\/corrientesdetarde.com\/index.php\/wp-json\/wp\/v2\/categories?post=144908"},{"taxonomy":"post_tag","embeddable":true,"href":"https:\/\/corrientesdetarde.com\/index.php\/wp-json\/wp\/v2\/tags?post=144908"}],"curies":[{"name":"wp","href":"https:\/\/api.w.org\/{rel}","templated":true}]}}