{"id":14492,"date":"2022-10-25T21:04:52","date_gmt":"2022-10-26T00:04:52","guid":{"rendered":"https:\/\/corrientesdetarde.com\/?p=14492"},"modified":"2022-10-25T21:04:55","modified_gmt":"2022-10-26T00:04:55","slug":"fallecio-el-periodista-correntino-que-fue-atropellado-por-un-patrullero","status":"publish","type":"post","link":"https:\/\/corrientesdetarde.com\/index.php\/locales\/fallecio-el-periodista-correntino-que-fue-atropellado-por-un-patrullero\/","title":{"rendered":"Falleci\u00f3 el periodista correntino que fue atropellado por un patrullero"},"content":{"rendered":"\n<p>Se trata de&nbsp;H\u00e9ctor Hugo Garc\u00eda, conocido trabajador de prensa que en los \u00faltimos tiempos cumpl\u00eda funciones en la Legislatura Provincial.<\/p>\n\n\n\n<p>Garc\u00eda, de acuerdo a los primeros datos, ven\u00eda caminando a la vera de la ruta cuando fue impactado por el m\u00f3vil policial que era conducido por una oficial de la Polic\u00eda de Corrientes.&nbsp;<\/p>\n\n\n\n<p>Seg\u00fan informaron, el trabajador ingres\u00f3 fallecido al Hospital Escuela, con diversos politraumatismos varios, producto del impacto.\u00a0<\/p>\n","protected":false},"excerpt":{"rendered":"<p>Se trata de&nbsp;H\u00e9ctor Hugo Garc\u00eda, conocido trabajador de prensa que en los \u00faltimos tiempos cumpl\u00eda funciones en la Legislatura Provincial. Garc\u00eda, de acuerdo a los primeros datos, ven\u00eda caminando a&hellip; <\/p>\n","protected":false},"author":1,"featured_media":14495,"comment_status":"closed","ping_status":"open","sticky":false,"template":"","format":"standard","meta":{"footnotes":""},"categories":[8],"tags":[],"class_list":["post-14492","post","type-post","status-publish","format-standard","has-post-thumbnail","hentry","category-locales"],"_links":{"self":[{"href":"https:\/\/corrientesdetarde.com\/index.php\/wp-json\/wp\/v2\/posts\/14492","targetHints":{"allow":["GET"]}}],"collection":[{"href":"https:\/\/corrientesdetarde.com\/index.php\/wp-json\/wp\/v2\/posts"}],"about":[{"href":"https:\/\/corrientesdetarde.com\/index.php\/wp-json\/wp\/v2\/types\/post"}],"author":[{"embeddable":true,"href":"https:\/\/corrientesdetarde.com\/index.php\/wp-json\/wp\/v2\/users\/1"}],"replies":[{"embeddable":true,"href":"https:\/\/corrientesdetarde.com\/index.php\/wp-json\/wp\/v2\/comments?post=14492"}],"version-history":[{"count":1,"href":"https:\/\/corrientesdetarde.com\/index.php\/wp-json\/wp\/v2\/posts\/14492\/revisions"}],"predecessor-version":[{"id":14496,"href":"https:\/\/corrientesdetarde.com\/index.php\/wp-json\/wp\/v2\/posts\/14492\/revisions\/14496"}],"wp:featuredmedia":[{"embeddable":true,"href":"https:\/\/corrientesdetarde.com\/index.php\/wp-json\/wp\/v2\/media\/14495"}],"wp:attachment":[{"href":"https:\/\/corrientesdetarde.com\/index.php\/wp-json\/wp\/v2\/media?parent=14492"}],"wp:term":[{"taxonomy":"category","embeddable":true,"href":"https:\/\/corrientesdetarde.com\/index.php\/wp-json\/wp\/v2\/categories?post=14492"},{"taxonomy":"post_tag","embeddable":true,"href":"https:\/\/corrientesdetarde.com\/index.php\/wp-json\/wp\/v2\/tags?post=14492"}],"curies":[{"name":"wp","href":"https:\/\/api.w.org\/{rel}","templated":true}]}}