{"id":145261,"date":"2024-05-06T11:41:18","date_gmt":"2024-05-06T14:41:18","guid":{"rendered":"https:\/\/corrientesdetarde.com\/?p=145261"},"modified":"2024-05-06T11:41:21","modified_gmt":"2024-05-06T14:41:21","slug":"ciclo-de-conferencias-sobre-los-30-anos-de-la-reforma-constitucional-argentina","status":"publish","type":"post","link":"https:\/\/corrientesdetarde.com\/index.php\/informacion-general\/ciclo-de-conferencias-sobre-los-30-anos-de-la-reforma-constitucional-argentina\/","title":{"rendered":"Ciclo de conferencias sobre los 30 a\u00f1os de la Reforma Constitucional Argentina"},"content":{"rendered":"\n<p><\/p>\n\n\n\n<p>El Ministerio de Educaci\u00f3n de Corrientes y la Facultad de Derechos de la Universidad Nacional del Nordeste (Unne) realizar\u00e1n un ciclo de conferencias por zoom, sobre los 30 a\u00f1os de la Reforma Constitucional Argentina. La primera est\u00e1 anunciada para ma\u00f1ana martes&nbsp;7 de mayo de 14 a 15.<\/p>\n\n\n\n<p>Con el objetivo de conocer a la argentina en la \u00e9poca de la reforma de 1994, sus antecedentes hist\u00f3ricos, sus modos de pensar, vivir y debatir esta reforma que atraves\u00f3 a la sociedad argentina y la dividi\u00f3 en defensores y detractores, y que cambi\u00f3 la vida pol\u00edtica, institucional,&nbsp;&nbsp;y jur\u00eddica de la argentina, la cartera Educativa provincial y la Unne realizar\u00e1n un ciclo de presentaciones en plataformas zoom y yotube, y habr\u00e1 material disponible en la plataforma educaplay<\/p>\n\n\n\n<p><strong>Cronograma<\/strong><\/p>\n\n\n\n<p>Las charlas y presentaciones se har\u00e1n en los meses de mayo y junio v\u00eda zoom<\/p>\n\n\n\n<p>Mayo:<\/p>\n\n\n\n<p>Martes&nbsp;7 de mayo de 14.00 a 15.00<\/p>\n\n\n\n<p>Martes 14 de mayo: de 14 a 15<\/p>\n\n\n\n<p>Jueves 23 de mayo &nbsp;&nbsp;de 14 a 15<\/p>\n\n\n\n<p>Mi\u00e9rcoles 29 de mayo de 14 a 15<\/p>\n\n\n\n<p>Todas las charlas estar\u00e1n luego disponibles en youtube.<\/p>\n\n\n\n<p><strong>Temas<\/strong><\/p>\n\n\n\n<p>Antecedentes hist\u00f3ricos de la reforma abordados desde la historia.<\/p>\n\n\n\n<p>El Estado argentino, sus espacios y recursos y el impacto de la reforma en ellos. Abordados desde la geograf\u00eda.<\/p>\n\n\n\n<p>El pacto de olivos, ley 24309: cl\u00e1usulas p\u00e9treas, n\u00facleo de coincidencias b\u00e1sicas, temas abiertos al debate. Como impact\u00f3 en la provincia de Corrientes. Abordado desde la formaci\u00f3n \u00e9tica y ciudadana.<\/p>\n\n\n\n<p>Los paradigmas sociales y culturales al momento de la reforma: ideas, m\u00fasica, adelantos tecnol\u00f3gicos, los medios gr\u00e1ficos y su papel en la formaci\u00f3n de la opini\u00f3n p\u00fablica. Abordados desde&nbsp;&nbsp;tecnolog\u00eda, y art\u00edstica.<\/p>\n\n\n\n<p>El impacto de la reforma en la educaci\u00f3n argentina. Abordados desde las ciencias de la educaci\u00f3n.<\/p>\n","protected":false},"excerpt":{"rendered":"<p>El Ministerio de Educaci\u00f3n de Corrientes y la Facultad de Derechos de la Universidad Nacional del Nordeste (Unne) realizar\u00e1n un ciclo de conferencias por zoom, sobre los 30 a\u00f1os de&hellip; <\/p>\n","protected":false},"author":12,"featured_media":145272,"comment_status":"closed","ping_status":"open","sticky":false,"template":"","format":"standard","meta":{"footnotes":""},"categories":[26,1],"tags":[],"class_list":["post-145261","post","type-post","status-publish","format-standard","has-post-thumbnail","hentry","category-destacados","category-informacion-general"],"_links":{"self":[{"href":"https:\/\/corrientesdetarde.com\/index.php\/wp-json\/wp\/v2\/posts\/145261","targetHints":{"allow":["GET"]}}],"collection":[{"href":"https:\/\/corrientesdetarde.com\/index.php\/wp-json\/wp\/v2\/posts"}],"about":[{"href":"https:\/\/corrientesdetarde.com\/index.php\/wp-json\/wp\/v2\/types\/post"}],"author":[{"embeddable":true,"href":"https:\/\/corrientesdetarde.com\/index.php\/wp-json\/wp\/v2\/users\/12"}],"replies":[{"embeddable":true,"href":"https:\/\/corrientesdetarde.com\/index.php\/wp-json\/wp\/v2\/comments?post=145261"}],"version-history":[{"count":1,"href":"https:\/\/corrientesdetarde.com\/index.php\/wp-json\/wp\/v2\/posts\/145261\/revisions"}],"predecessor-version":[{"id":145273,"href":"https:\/\/corrientesdetarde.com\/index.php\/wp-json\/wp\/v2\/posts\/145261\/revisions\/145273"}],"wp:featuredmedia":[{"embeddable":true,"href":"https:\/\/corrientesdetarde.com\/index.php\/wp-json\/wp\/v2\/media\/145272"}],"wp:attachment":[{"href":"https:\/\/corrientesdetarde.com\/index.php\/wp-json\/wp\/v2\/media?parent=145261"}],"wp:term":[{"taxonomy":"category","embeddable":true,"href":"https:\/\/corrientesdetarde.com\/index.php\/wp-json\/wp\/v2\/categories?post=145261"},{"taxonomy":"post_tag","embeddable":true,"href":"https:\/\/corrientesdetarde.com\/index.php\/wp-json\/wp\/v2\/tags?post=145261"}],"curies":[{"name":"wp","href":"https:\/\/api.w.org\/{rel}","templated":true}]}}