{"id":145262,"date":"2024-05-06T11:45:55","date_gmt":"2024-05-06T14:45:55","guid":{"rendered":"https:\/\/corrientesdetarde.com\/?p=145262"},"modified":"2024-05-06T11:46:07","modified_gmt":"2024-05-06T14:46:07","slug":"educacion-presento-dos-propuestas-para-el-nivel-inicial","status":"publish","type":"post","link":"https:\/\/corrientesdetarde.com\/index.php\/destacados\/educacion-presento-dos-propuestas-para-el-nivel-inicial\/","title":{"rendered":"Educaci\u00f3n present\u00f3 dos propuestas para el nivel inicial"},"content":{"rendered":"\n<p><\/p>\n\n\n\n<p>La ministra de Educaci\u00f3n Pr\u00e1xedes L\u00f3pez encabez\u00f3 esta ma\u00f1ana la presentaci\u00f3n del desarrollo curricular \u201cNarrativas pedag\u00f3gicas. Trama y texto que acompa\u00f1an la pr\u00e1ctica docente\u201d y el lanzamiento de la segunda cohorte del trayecto formativo para docentes de salas de 3; 4 y 5 a\u00f1os del Programa Infancia, producto de un convenio del Ministerio de Educaci\u00f3n con la Fundaci\u00f3n P\u00e9rez Companc y el Conicet. Este doble acto tuvo lugar en el sal\u00f3n Auditorio de la Facultad de Derecho de la Unne.<\/p>\n\n\n\n<p>\u201cTenemos un gran compromiso con la alfabetizaci\u00f3n\u201d dijo la ministra Pr\u00e1xedes L\u00f3pez y consider\u00f3 tambi\u00e9n que llegar a la presentaci\u00f3n de este trabajo es maravilloso (en referencia al documento de desarrollo curricular \u201cNarrativas pedag\u00f3gicas. Trama y texto que acompa\u00f1an la pr\u00e1ctica docente\u201d), \u201ctrabajamos mucho desde el a\u00f1o pasado junto con la Fundaci\u00f3n P\u00e9rez Companc\u201d, asegur\u00f3 y marc\u00f3 tambi\u00e9n que \u201cla narraci\u00f3n, la investigaci\u00f3n y la evaluaci\u00f3n van a enriquecer la pr\u00e1ctica pedag\u00f3gica todos los d\u00edas\u201d.<\/p>\n\n\n\n<p>\u201cHicimos un gran trabajo con la Direcci\u00f3n de Planeamiento. Hemos puesto a la luz la tarea de las maestras jardineras, y yo siempre digo, cuando hay pol\u00edtica educativa, los docentes son los mejores\u201d, manifest\u00f3 en tanto confirm\u00f3 que en los pr\u00f3ximos d\u00edas se van a medir los aprendizajes de las instituciones con las que el Ministerio est\u00e1 trabajando. \u201cEsto nos va a permitir tomar nuevas decisiones\u201d, asegur\u00f3.<\/p>\n\n\n\n<p>En el mismo sentido, la licenciada y profesora en Ciencias de la Educaci\u00f3n del Conicet Celia Rosemberg explic\u00f3 que los primeros a\u00f1os son la base para todos los otros aprendizajes \u201cestamos convencidos que con lo que vamos a hacer, los chicos van a tener mejores resultados. Tenemos el enorme desaf\u00edo este a\u00f1o de avaluar el desempe\u00f1o de los alumnos, evaluar el aprendizaje y evaluar la calidad de lo que estamos haciendo para ver cu\u00e1n efectivas son las acciones que estamos impulsando\u201d, dijo.<\/p>\n\n\n\n<p>En tal sentido es importante resaltar que la educaci\u00f3n inicial es de crucial importancia tanto para el desarrollo cognitivo como para el desarrollo del lenguaje y el acceso y dominio de la alfabetizaci\u00f3n. La importancia de la acci\u00f3n de los agentes socializadores \u2013maestros, familias y otras personas cercanas al ni\u00f1o- reside, precisamente, en que el apoyo del adulto en las interacciones tempranas es indispensable para el desarrollo de los conocimientos y habilidades ling\u00fc\u00edsticas y repertorios discursivos a partir de los cuales se construyen los aprendizajes posteriores.<\/p>\n\n\n\n<p>El sistema educativo tiene un papel primordial: potenciar los contextos de aprendizaje habituales en las instituciones escolares y contribuir con las familias y las comunidades con el objeto de generar para todos los ni\u00f1os experiencias tempranas en las que puedan hacer un uso pleno y efectivo de la lengua o lenguas de su comunidad, ampliar su vocabulario y su repertorio de estrategias discursivas y habilidades comunicativas y acceder con mayor facilidad a la escritura.<\/p>\n\n\n\n<figure class=\"wp-block-gallery has-nested-images columns-default is-cropped wp-block-gallery-1 is-layout-flex wp-block-gallery-is-layout-flex\">\n<figure class=\"wp-block-image size-large\"><img loading=\"lazy\" decoding=\"async\" width=\"1024\" height=\"682\" data-id=\"145275\" src=\"https:\/\/corrientesdetarde.com\/wp-content\/uploads\/2024\/05\/imagen-86401-1-1024x682.jpg\" alt=\"\" class=\"wp-image-145275\" srcset=\"https:\/\/corrientesdetarde.com\/wp-content\/uploads\/2024\/05\/imagen-86401-1-1024x682.jpg 1024w, https:\/\/corrientesdetarde.com\/wp-content\/uploads\/2024\/05\/imagen-86401-1-300x200.jpg 300w, https:\/\/corrientesdetarde.com\/wp-content\/uploads\/2024\/05\/imagen-86401-1-768x512.jpg 768w, https:\/\/corrientesdetarde.com\/wp-content\/uploads\/2024\/05\/imagen-86401-1.jpg 1280w\" sizes=\"auto, (max-width: 1024px) 100vw, 1024px\" \/><\/figure>\n\n\n\n<figure class=\"wp-block-image size-large\"><img loading=\"lazy\" decoding=\"async\" width=\"1024\" height=\"682\" data-id=\"145276\" src=\"https:\/\/corrientesdetarde.com\/wp-content\/uploads\/2024\/05\/imagen-86400-1024x682.jpg\" alt=\"\" class=\"wp-image-145276\" srcset=\"https:\/\/corrientesdetarde.com\/wp-content\/uploads\/2024\/05\/imagen-86400-1024x682.jpg 1024w, https:\/\/corrientesdetarde.com\/wp-content\/uploads\/2024\/05\/imagen-86400-300x200.jpg 300w, https:\/\/corrientesdetarde.com\/wp-content\/uploads\/2024\/05\/imagen-86400-768x512.jpg 768w, https:\/\/corrientesdetarde.com\/wp-content\/uploads\/2024\/05\/imagen-86400.jpg 1280w\" sizes=\"auto, (max-width: 1024px) 100vw, 1024px\" \/><\/figure>\n\n\n\n<figure class=\"wp-block-image size-large\"><img loading=\"lazy\" decoding=\"async\" width=\"1024\" height=\"682\" data-id=\"145277\" src=\"https:\/\/corrientesdetarde.com\/wp-content\/uploads\/2024\/05\/imagen-86399-1024x682.jpg\" alt=\"\" class=\"wp-image-145277\" srcset=\"https:\/\/corrientesdetarde.com\/wp-content\/uploads\/2024\/05\/imagen-86399-1024x682.jpg 1024w, https:\/\/corrientesdetarde.com\/wp-content\/uploads\/2024\/05\/imagen-86399-300x200.jpg 300w, https:\/\/corrientesdetarde.com\/wp-content\/uploads\/2024\/05\/imagen-86399-768x512.jpg 768w, https:\/\/corrientesdetarde.com\/wp-content\/uploads\/2024\/05\/imagen-86399.jpg 1280w\" sizes=\"auto, (max-width: 1024px) 100vw, 1024px\" \/><\/figure>\n\n\n\n<figure class=\"wp-block-image size-large\"><img loading=\"lazy\" decoding=\"async\" width=\"1024\" height=\"682\" data-id=\"145279\" src=\"https:\/\/corrientesdetarde.com\/wp-content\/uploads\/2024\/05\/imagen-86398-1024x682.jpg\" alt=\"\" class=\"wp-image-145279\" srcset=\"https:\/\/corrientesdetarde.com\/wp-content\/uploads\/2024\/05\/imagen-86398-1024x682.jpg 1024w, https:\/\/corrientesdetarde.com\/wp-content\/uploads\/2024\/05\/imagen-86398-300x200.jpg 300w, https:\/\/corrientesdetarde.com\/wp-content\/uploads\/2024\/05\/imagen-86398-768x512.jpg 768w, https:\/\/corrientesdetarde.com\/wp-content\/uploads\/2024\/05\/imagen-86398.jpg 1280w\" sizes=\"auto, (max-width: 1024px) 100vw, 1024px\" \/><\/figure>\n\n\n\n<figure class=\"wp-block-image size-large\"><img loading=\"lazy\" decoding=\"async\" width=\"1024\" height=\"682\" data-id=\"145278\" src=\"https:\/\/corrientesdetarde.com\/wp-content\/uploads\/2024\/05\/imagen-86397-1024x682.jpg\" alt=\"\" class=\"wp-image-145278\" srcset=\"https:\/\/corrientesdetarde.com\/wp-content\/uploads\/2024\/05\/imagen-86397-1024x682.jpg 1024w, https:\/\/corrientesdetarde.com\/wp-content\/uploads\/2024\/05\/imagen-86397-300x200.jpg 300w, https:\/\/corrientesdetarde.com\/wp-content\/uploads\/2024\/05\/imagen-86397-768x512.jpg 768w, https:\/\/corrientesdetarde.com\/wp-content\/uploads\/2024\/05\/imagen-86397.jpg 1280w\" sizes=\"auto, (max-width: 1024px) 100vw, 1024px\" \/><\/figure>\n<\/figure>\n","protected":false},"excerpt":{"rendered":"<p>La ministra de Educaci\u00f3n Pr\u00e1xedes L\u00f3pez encabez\u00f3 esta ma\u00f1ana la presentaci\u00f3n del desarrollo curricular \u201cNarrativas pedag\u00f3gicas. Trama y texto que acompa\u00f1an la pr\u00e1ctica docente\u201d y el lanzamiento de la segunda&hellip; <\/p>\n","protected":false},"author":12,"featured_media":145277,"comment_status":"closed","ping_status":"open","sticky":false,"template":"","format":"standard","meta":{"footnotes":""},"categories":[26,32],"tags":[],"class_list":["post-145262","post","type-post","status-publish","format-standard","has-post-thumbnail","hentry","category-destacados","category-educacion"],"_links":{"self":[{"href":"https:\/\/corrientesdetarde.com\/index.php\/wp-json\/wp\/v2\/posts\/145262","targetHints":{"allow":["GET"]}}],"collection":[{"href":"https:\/\/corrientesdetarde.com\/index.php\/wp-json\/wp\/v2\/posts"}],"about":[{"href":"https:\/\/corrientesdetarde.com\/index.php\/wp-json\/wp\/v2\/types\/post"}],"author":[{"embeddable":true,"href":"https:\/\/corrientesdetarde.com\/index.php\/wp-json\/wp\/v2\/users\/12"}],"replies":[{"embeddable":true,"href":"https:\/\/corrientesdetarde.com\/index.php\/wp-json\/wp\/v2\/comments?post=145262"}],"version-history":[{"count":1,"href":"https:\/\/corrientesdetarde.com\/index.php\/wp-json\/wp\/v2\/posts\/145262\/revisions"}],"predecessor-version":[{"id":145281,"href":"https:\/\/corrientesdetarde.com\/index.php\/wp-json\/wp\/v2\/posts\/145262\/revisions\/145281"}],"wp:featuredmedia":[{"embeddable":true,"href":"https:\/\/corrientesdetarde.com\/index.php\/wp-json\/wp\/v2\/media\/145277"}],"wp:attachment":[{"href":"https:\/\/corrientesdetarde.com\/index.php\/wp-json\/wp\/v2\/media?parent=145262"}],"wp:term":[{"taxonomy":"category","embeddable":true,"href":"https:\/\/corrientesdetarde.com\/index.php\/wp-json\/wp\/v2\/categories?post=145262"},{"taxonomy":"post_tag","embeddable":true,"href":"https:\/\/corrientesdetarde.com\/index.php\/wp-json\/wp\/v2\/tags?post=145262"}],"curies":[{"name":"wp","href":"https:\/\/api.w.org\/{rel}","templated":true}]}}