{"id":145263,"date":"2024-05-06T11:33:35","date_gmt":"2024-05-06T14:33:35","guid":{"rendered":"https:\/\/corrientesdetarde.com\/?p=145263"},"modified":"2024-05-06T11:33:47","modified_gmt":"2024-05-06T14:33:47","slug":"valdes-destaco-el-trabajo-de-maderera-al-visitar-su-fabrica-en-la-ciudad-de-goya-2","status":"publish","type":"post","link":"https:\/\/corrientesdetarde.com\/index.php\/interior\/valdes-destaco-el-trabajo-de-maderera-al-visitar-su-fabrica-en-la-ciudad-de-goya-2\/","title":{"rendered":"VALD\u00c9S DESTAC\u00d3 EL TRABAJO DE MADERERA, AL VISITAR SU F\u00c1BRICA EN LA CIUDAD DE GOYA"},"content":{"rendered":"\n<p>En el marco de su estad\u00eda en la ciudad de Goya, donde se lleva adelante la 47\u00b0 Fiesta Nacional del Surub\u00ed, el gobernador Gustavo Vald\u00e9s recorri\u00f3 este viernes la maderera&nbsp;<em>Carlos Carrea<\/em>, &#8220;un emprendimiento correntino que agrega valor a nuestra materia prima&#8221;.<\/p>\n\n\n\n<p>Acompa\u00f1ado por el ministro de Desarrollo Social, Ad\u00e1n Gaya, el mandatario provincial detall\u00f3, a trav\u00e9s de sus cuentas oficiales (@gustavovaldesok), que la misma firma, la cual realiza un \u201cgran trabajo\u201d, provee amoblamientos como camas, armarios, alacena, bajo mesada, mesas y sillas; muchos de los cuales son destinados a las viviendas construidas a lo largo y ancho de la provincia como parte del programa O\u00f1ondiv\u00e9, que lleva adelante el Instituto de Viviendas de Corrientes<\/p>\n\n\n\n<figure class=\"wp-block-gallery has-nested-images columns-default is-cropped wp-block-gallery-1 is-layout-flex wp-block-gallery-is-layout-flex\">\n<figure class=\"wp-block-image size-large\"><img loading=\"lazy\" decoding=\"async\" width=\"250\" height=\"166\" data-id=\"145268\" src=\"https:\/\/corrientesdetarde.com\/wp-content\/uploads\/2024\/05\/711692_tb.jpg\" alt=\"\" class=\"wp-image-145268\"\/><\/figure>\n\n\n\n<figure class=\"wp-block-image size-large\"><img loading=\"lazy\" decoding=\"async\" width=\"250\" height=\"166\" data-id=\"145269\" src=\"https:\/\/corrientesdetarde.com\/wp-content\/uploads\/2024\/05\/653755_tb.jpg\" alt=\"\" class=\"wp-image-145269\"\/><\/figure>\n\n\n\n<figure class=\"wp-block-image size-large\"><img loading=\"lazy\" decoding=\"async\" width=\"250\" height=\"166\" data-id=\"145270\" src=\"https:\/\/corrientesdetarde.com\/wp-content\/uploads\/2024\/05\/327579_tb.jpg\" alt=\"\" class=\"wp-image-145270\"\/><\/figure>\n<\/figure>\n","protected":false},"excerpt":{"rendered":"<p>En el marco de su estad\u00eda en la ciudad de Goya, donde se lleva adelante la 47\u00b0 Fiesta Nacional del Surub\u00ed, el gobernador Gustavo Vald\u00e9s recorri\u00f3 este viernes la maderera&nbsp;Carlos&hellip; <\/p>\n","protected":false},"author":12,"featured_media":145267,"comment_status":"closed","ping_status":"open","sticky":false,"template":"","format":"standard","meta":{"footnotes":""},"categories":[1658],"tags":[],"class_list":["post-145263","post","type-post","status-publish","format-standard","has-post-thumbnail","hentry","category-interior"],"_links":{"self":[{"href":"https:\/\/corrientesdetarde.com\/index.php\/wp-json\/wp\/v2\/posts\/145263","targetHints":{"allow":["GET"]}}],"collection":[{"href":"https:\/\/corrientesdetarde.com\/index.php\/wp-json\/wp\/v2\/posts"}],"about":[{"href":"https:\/\/corrientesdetarde.com\/index.php\/wp-json\/wp\/v2\/types\/post"}],"author":[{"embeddable":true,"href":"https:\/\/corrientesdetarde.com\/index.php\/wp-json\/wp\/v2\/users\/12"}],"replies":[{"embeddable":true,"href":"https:\/\/corrientesdetarde.com\/index.php\/wp-json\/wp\/v2\/comments?post=145263"}],"version-history":[{"count":1,"href":"https:\/\/corrientesdetarde.com\/index.php\/wp-json\/wp\/v2\/posts\/145263\/revisions"}],"predecessor-version":[{"id":145271,"href":"https:\/\/corrientesdetarde.com\/index.php\/wp-json\/wp\/v2\/posts\/145263\/revisions\/145271"}],"wp:featuredmedia":[{"embeddable":true,"href":"https:\/\/corrientesdetarde.com\/index.php\/wp-json\/wp\/v2\/media\/145267"}],"wp:attachment":[{"href":"https:\/\/corrientesdetarde.com\/index.php\/wp-json\/wp\/v2\/media?parent=145263"}],"wp:term":[{"taxonomy":"category","embeddable":true,"href":"https:\/\/corrientesdetarde.com\/index.php\/wp-json\/wp\/v2\/categories?post=145263"},{"taxonomy":"post_tag","embeddable":true,"href":"https:\/\/corrientesdetarde.com\/index.php\/wp-json\/wp\/v2\/tags?post=145263"}],"curies":[{"name":"wp","href":"https:\/\/api.w.org\/{rel}","templated":true}]}}