{"id":145265,"date":"2024-05-06T11:54:28","date_gmt":"2024-05-06T14:54:28","guid":{"rendered":"https:\/\/corrientesdetarde.com\/?p=145265"},"modified":"2024-05-06T11:54:33","modified_gmt":"2024-05-06T14:54:33","slug":"corrientes-cerro-un-mes-de-celebracioncon-un-festival-masivo-en-plaza-la-cruz","status":"publish","type":"post","link":"https:\/\/corrientesdetarde.com\/index.php\/sociales\/corrientes-cerro-un-mes-de-celebracioncon-un-festival-masivo-en-plaza-la-cruz\/","title":{"rendered":"Corrientes cerr\u00f3 un mes de celebraci\u00f3ncon un festival masivo en plaza La Cruz"},"content":{"rendered":"\n<p><em>El espacio p\u00fablico frente a la Iglesia Sant\u00edsima Cruz de los Milagros fue el escenario de un emocionante festival que atrajo a una multitud de vecinos y visitantes. Con este evento finaliz\u00f3 el Mes de Corrientes, que consisti\u00f3 en una amplia gama de actividades organizadas por la Municipalidad, incluyendo propuestas musicales, deportivas y gastron\u00f3micas.<\/em><\/p>\n\n\n\n<p>Durante todo el mes de abril y hasta ayer, la ciudad fue testigo de un gran despliegue de eventos organizados por la Municipalidad, que han congregado a vecinos y visitantes para celebrar un nuevo aniversario de la fundaci\u00f3n de Corrientes. El domingo y bajo el s\u00edmbolo tradicional de la Cruz, una multitud form\u00f3 parte del cierre del Mes de Corrientes, a pura m\u00fasica, historia y tradici\u00f3n.<br><br>Desde muy temprano por el escenario ubicado en la plaza La Cruz (Belgrano y Salta) pasaron un importante n\u00famero de artiatas.<br><br>Formaron parte del festival: Regina Ferrazzi Blanco, la Orquesta y Coro Herminio Gim\u00e9nez, La Savia, los ganadores del Corrientes Baila: Ezequiel Ben\u00edtez y Rosa Romero, Lucila Escobar y Elias Lezcano, Valentina Galarza y Mat\u00edas Gonz\u00e1lez, Carlos Bustos y Lucrecia Ramirez, Los Hijos de los Barrios, los ganadores de \u201cA Bailar Chamam\u00e9: el Ballet Folkl\u00f3rico San Juan Bautista\u201d y el popular cantante formose\u00f1o L\u00e1zaro Caballero.<br><br>El secretario de Cultura y Educaci\u00f3n del municipio, Jos\u00e9 Sand, presente en el evento, destac\u00f3: &#8220;Estamos felices por el acompa\u00f1amiento masivo del p\u00fablico, viviendo en familia y revalorizando nuestras costumbres y nuestra m\u00fasica&#8221;.<br><br>Al mismo tiempo reconoci\u00f3 con entusiasmo: &#8220;Nos merec\u00edamos este cierre del Mes de Corrientes. Este mes es especial, lleno de fe y esperanza para nosotros los correntinos&#8221;.<br><br>&#8220;Los n\u00fameros son impresionantes ya que el acompa\u00f1amiento en cada evento es masivo, pero lo m\u00e1s destacable es que todos los vecinos y turistas se han sentido parte de esta celebraci\u00f3n. Los emprendedores han sido protagonistas, exhibiendo y vendiendo sus productos artesanales y gastron\u00f3micos en cada encuentro. Este Mes de Corrientes va a quedar en el coraz\u00f3n de todos los correntinos&#8221;, afirm\u00f3 Sand.<br><br>A lo largo del Mes de Corrientes, se realizaron diversas propuestas, eventos y actividades culturales, tur\u00edsticas, deportivas y recreativas, llegando a distintos barrios de la ciudad. Se llev\u00f3 adelante el \u201cCine para la familia\u201d, \u201cEl Circo en el Barrio\u201d, recorridos guiados por sitios hist\u00f3ricos, \u201cA bailar en los Barrios\u201d, maratones, paseos n\u00e1uticos, competencias de freestyle, \u201cTeatro Mboyer\u00e9\u201d, ciclo de conferencias de la ciudad, muestras, ciclo de m\u00fasica, encuentro de esculturas en madera, pe\u00f1as, ciclo de humor, talleres, cursos, entre muchas alternativas m\u00e1s. &nbsp;<br><br>El cierre del Mes de Corrientes ha sido una amalgama de emociones y participaci\u00f3n comunitaria. Vilma, propietaria del emprendimiento gastron\u00f3mico &#8220;Las delicias de la abuela&#8221;, expres\u00f3 su gratitud por el respaldo recibido: &#8220;La tarde fue maravillosa, el Se\u00f1or bendijo a todos los que est\u00e1n trabajando, a gastron\u00f3micos, emprendedores.Estamos trabajando con la Municipalidad hace rato porque es importante estar en el paladar del correntino&#8221;.<br><br>\u201cEscuchamos a todos los que se acercan porque es importante tambi\u00e9n estar en el paladar del correntino que tiene su tradici\u00f3n, su cultura, como el mbey\u00fa,&nbsp; el chipa, todo lo que es tradicional, el quibebe,&nbsp;son productos tradicionales que los correntinos saben hacerlo tambi\u00e9n, as\u00ed que es como competir con el cliente que sabe, por eso buscamos algo para degustar\u201d, agreg\u00f3.<br><br>CELEBRACI\u00d3N INOLVIDABLE<br><br>Los testimonios de los vecinos reflejan el impacto positivo de estos eventos en la comunidad. Jorge Lanata destac\u00f3 la importancia de acercar la cultura a la gente: &#8220;Este tipo de eventos es muy bueno porque acerca a las personas a estos escenarios para que vean lo que es la cultura de Corrientes&#8221;.<br><br>Mientras que Rita L\u00f3pez invit\u00f3 a todos a sumarse a estas celebraciones: &#8220;Es muy lindo que traigan artistas de otros lugares. Invitamos a todos a que se sumen a los eventos de la Municipalidad que son muy lindos, divertidos y hermosos&#8221;.<br><br>Con n\u00fameros impresionantes y un esp\u00edritu de unidad palpable, el Mes de Corrientes deja una marca imborrable en el coraz\u00f3n de los correntinos. &#8220;Ahora, con renovada energ\u00eda, la ciudad se prepara para seguir fortaleciendo su identidad, sus artistas y sus expresiones culturales, demostrando una vez m\u00e1s que Corrientes es mucho m\u00e1s que un lugar en el mapa, es un hogar lleno de tradici\u00f3n, m\u00fasica y alegr\u00eda compartida&#8221;, se\u00f1alaron desde la Municipalidad.&nbsp;<\/p>\n\n\n\n<figure class=\"wp-block-gallery has-nested-images columns-default is-cropped wp-block-gallery-1 is-layout-flex wp-block-gallery-is-layout-flex\">\n<figure class=\"wp-block-image size-large\"><img loading=\"lazy\" decoding=\"async\" width=\"1024\" height=\"768\" data-id=\"145286\" src=\"https:\/\/corrientesdetarde.com\/wp-content\/uploads\/2024\/05\/2a9b902c-1f29-0d02-43f4-b17becf8882e-1024x768.jpg\" alt=\"\" class=\"wp-image-145286\" srcset=\"https:\/\/corrientesdetarde.com\/wp-content\/uploads\/2024\/05\/2a9b902c-1f29-0d02-43f4-b17becf8882e-1024x768.jpg 1024w, https:\/\/corrientesdetarde.com\/wp-content\/uploads\/2024\/05\/2a9b902c-1f29-0d02-43f4-b17becf8882e-300x225.jpg 300w, https:\/\/corrientesdetarde.com\/wp-content\/uploads\/2024\/05\/2a9b902c-1f29-0d02-43f4-b17becf8882e-768x576.jpg 768w, https:\/\/corrientesdetarde.com\/wp-content\/uploads\/2024\/05\/2a9b902c-1f29-0d02-43f4-b17becf8882e-1536x1152.jpg 1536w, https:\/\/corrientesdetarde.com\/wp-content\/uploads\/2024\/05\/2a9b902c-1f29-0d02-43f4-b17becf8882e-2048x1536.jpg 2048w\" sizes=\"auto, (max-width: 1024px) 100vw, 1024px\" \/><figcaption class=\"wp-element-caption\">default<\/figcaption><\/figure>\n\n\n\n<figure class=\"wp-block-image size-large\"><img loading=\"lazy\" decoding=\"async\" width=\"1024\" height=\"682\" data-id=\"145284\" src=\"https:\/\/corrientesdetarde.com\/wp-content\/uploads\/2024\/05\/02da7dc9-ed21-5c35-5c11-03e589bb3941-1024x682.jpeg\" alt=\"\" class=\"wp-image-145284\" srcset=\"https:\/\/corrientesdetarde.com\/wp-content\/uploads\/2024\/05\/02da7dc9-ed21-5c35-5c11-03e589bb3941-1024x682.jpeg 1024w, https:\/\/corrientesdetarde.com\/wp-content\/uploads\/2024\/05\/02da7dc9-ed21-5c35-5c11-03e589bb3941-300x200.jpeg 300w, https:\/\/corrientesdetarde.com\/wp-content\/uploads\/2024\/05\/02da7dc9-ed21-5c35-5c11-03e589bb3941-768x512.jpeg 768w, https:\/\/corrientesdetarde.com\/wp-content\/uploads\/2024\/05\/02da7dc9-ed21-5c35-5c11-03e589bb3941.jpeg 1280w\" sizes=\"auto, (max-width: 1024px) 100vw, 1024px\" \/><\/figure>\n<\/figure>\n","protected":false},"excerpt":{"rendered":"<p>El espacio p\u00fablico frente a la Iglesia Sant\u00edsima Cruz de los Milagros fue el escenario de un emocionante festival que atrajo a una multitud de vecinos y visitantes. Con este&hellip; <\/p>\n","protected":false},"author":12,"featured_media":145285,"comment_status":"closed","ping_status":"open","sticky":false,"template":"","format":"standard","meta":{"footnotes":""},"categories":[17],"tags":[],"class_list":["post-145265","post","type-post","status-publish","format-standard","has-post-thumbnail","hentry","category-sociales"],"_links":{"self":[{"href":"https:\/\/corrientesdetarde.com\/index.php\/wp-json\/wp\/v2\/posts\/145265","targetHints":{"allow":["GET"]}}],"collection":[{"href":"https:\/\/corrientesdetarde.com\/index.php\/wp-json\/wp\/v2\/posts"}],"about":[{"href":"https:\/\/corrientesdetarde.com\/index.php\/wp-json\/wp\/v2\/types\/post"}],"author":[{"embeddable":true,"href":"https:\/\/corrientesdetarde.com\/index.php\/wp-json\/wp\/v2\/users\/12"}],"replies":[{"embeddable":true,"href":"https:\/\/corrientesdetarde.com\/index.php\/wp-json\/wp\/v2\/comments?post=145265"}],"version-history":[{"count":1,"href":"https:\/\/corrientesdetarde.com\/index.php\/wp-json\/wp\/v2\/posts\/145265\/revisions"}],"predecessor-version":[{"id":145287,"href":"https:\/\/corrientesdetarde.com\/index.php\/wp-json\/wp\/v2\/posts\/145265\/revisions\/145287"}],"wp:featuredmedia":[{"embeddable":true,"href":"https:\/\/corrientesdetarde.com\/index.php\/wp-json\/wp\/v2\/media\/145285"}],"wp:attachment":[{"href":"https:\/\/corrientesdetarde.com\/index.php\/wp-json\/wp\/v2\/media?parent=145265"}],"wp:term":[{"taxonomy":"category","embeddable":true,"href":"https:\/\/corrientesdetarde.com\/index.php\/wp-json\/wp\/v2\/categories?post=145265"},{"taxonomy":"post_tag","embeddable":true,"href":"https:\/\/corrientesdetarde.com\/index.php\/wp-json\/wp\/v2\/tags?post=145265"}],"curies":[{"name":"wp","href":"https:\/\/api.w.org\/{rel}","templated":true}]}}