{"id":145280,"date":"2024-05-06T11:49:18","date_gmt":"2024-05-06T14:49:18","guid":{"rendered":"https:\/\/corrientesdetarde.com\/?p=145280"},"modified":"2024-05-06T11:49:31","modified_gmt":"2024-05-06T14:49:31","slug":"defensa-civil-brindo-un-panorama-provincial-tras-las-lluvias-y-la-creciente-del-rio-uruguay","status":"publish","type":"post","link":"https:\/\/corrientesdetarde.com\/index.php\/informacion-general\/defensa-civil-brindo-un-panorama-provincial-tras-las-lluvias-y-la-creciente-del-rio-uruguay\/","title":{"rendered":"Defensa Civil brind\u00f3 un panorama provincial tras las lluvias y la creciente del r\u00edo Uruguay"},"content":{"rendered":"\n<p><\/p>\n\n\n\n<p>Eulogio M\u00e1rquez, director de Defensa Civil de la Provincia, brind\u00f3 este lunes un panorama general de la provincia tras la creciente del r\u00edo Uruguay y las lluvias que afectaron a distintas localidades. Si bien hay evacuados, se destaca que el accionar preventivo de las distintas \u00e1reas del Estado lograron que los da\u00f1os sean m\u00ednimos.<\/p>\n\n\n\n<p>Actualmente el r\u00edo Uruguay est\u00e1 en creciente, producto de las lluvias que hubo en Brasil \u2013que no son las que inundaron Porto Alegre, aclara M\u00e1rquez- y que provocaron evacuaciones en Santo Tom\u00e9 y Garruchos y estado de alerta en Alvear, La Cruz y Paso de los Libres.<\/p>\n\n\n\n<p>En lo num\u00e9rico, se evacu\u00f3 hasta el momento a 75 personas en Santo Tom\u00e9 de manera preventiva, quienes permanecen en un club local. \u201cDesde la semana pasada todas las estructuras de la provincia estaban en alerta, se tomaron las previsiones y se est\u00e1n mitigando much\u00edsimo los da\u00f1os\u201d, expres\u00f3 el director.<\/p>\n\n\n\n<p>Por otra parte, tambi\u00e9n hubo lluvias locales que tambi\u00e9n generaron evacuaciones, como pas\u00f3 en los departamentos de Ber\u00f3n de Astrada, Itat\u00ed y San Cosme. \u201cEn San Luis del Palmar, el agua baj\u00f3 por el riachuelo y ocasion\u00f3 inconvenientes, 85 evacuados que se encuentran en el polideportivo y en el SUM. A\u00fan tenemos para varios d\u00edas porque la bajante es bastante lenta\u201d.<\/p>\n\n\n\n<p>Eulogio M\u00e1rquez declar\u00f3 que en todos los casos la ayuda proviene de un trabajo articulado entre los municipios y la Provincia. \u201cEl Ministerio de Desarrollo Social que acude en auxilio de los municipios para alojar a los evacuados y proveer comida. La Polic\u00eda aumentando los recorridos en la zona; Salud P\u00fablica que asiste a los centros. Todas las estructuras est\u00e1n trabajando\u201d.<\/p>\n\n\n\n<p>Para cerrar, el funcionario inform\u00f3 que \u201clas amenazas de lluvia no son de grandes cantidades\u201d. Adem\u00e1s, si bien en las pr\u00f3ximas 48 horas el r\u00edo Uruguay comenzar\u00e1 a bajar, no se descartan nuevas evacuaciones en Santo Tom\u00e9 y Paso de los Libres.<\/p>\n","protected":false},"excerpt":{"rendered":"<p>Eulogio M\u00e1rquez, director de Defensa Civil de la Provincia, brind\u00f3 este lunes un panorama general de la provincia tras la creciente del r\u00edo Uruguay y las lluvias que afectaron a&hellip; <\/p>\n","protected":false},"author":12,"featured_media":145282,"comment_status":"closed","ping_status":"open","sticky":false,"template":"","format":"standard","meta":{"footnotes":""},"categories":[1],"tags":[],"class_list":["post-145280","post","type-post","status-publish","format-standard","has-post-thumbnail","hentry","category-informacion-general"],"_links":{"self":[{"href":"https:\/\/corrientesdetarde.com\/index.php\/wp-json\/wp\/v2\/posts\/145280","targetHints":{"allow":["GET"]}}],"collection":[{"href":"https:\/\/corrientesdetarde.com\/index.php\/wp-json\/wp\/v2\/posts"}],"about":[{"href":"https:\/\/corrientesdetarde.com\/index.php\/wp-json\/wp\/v2\/types\/post"}],"author":[{"embeddable":true,"href":"https:\/\/corrientesdetarde.com\/index.php\/wp-json\/wp\/v2\/users\/12"}],"replies":[{"embeddable":true,"href":"https:\/\/corrientesdetarde.com\/index.php\/wp-json\/wp\/v2\/comments?post=145280"}],"version-history":[{"count":1,"href":"https:\/\/corrientesdetarde.com\/index.php\/wp-json\/wp\/v2\/posts\/145280\/revisions"}],"predecessor-version":[{"id":145283,"href":"https:\/\/corrientesdetarde.com\/index.php\/wp-json\/wp\/v2\/posts\/145280\/revisions\/145283"}],"wp:featuredmedia":[{"embeddable":true,"href":"https:\/\/corrientesdetarde.com\/index.php\/wp-json\/wp\/v2\/media\/145282"}],"wp:attachment":[{"href":"https:\/\/corrientesdetarde.com\/index.php\/wp-json\/wp\/v2\/media?parent=145280"}],"wp:term":[{"taxonomy":"category","embeddable":true,"href":"https:\/\/corrientesdetarde.com\/index.php\/wp-json\/wp\/v2\/categories?post=145280"},{"taxonomy":"post_tag","embeddable":true,"href":"https:\/\/corrientesdetarde.com\/index.php\/wp-json\/wp\/v2\/tags?post=145280"}],"curies":[{"name":"wp","href":"https:\/\/api.w.org\/{rel}","templated":true}]}}