{"id":145288,"date":"2024-05-06T13:30:08","date_gmt":"2024-05-06T16:30:08","guid":{"rendered":"https:\/\/corrientesdetarde.com\/?p=145288"},"modified":"2024-05-06T13:30:20","modified_gmt":"2024-05-06T16:30:20","slug":"la-vicegobernacion-celebrara-el-dia-internacional-de-la-danza-2","status":"publish","type":"post","link":"https:\/\/corrientesdetarde.com\/index.php\/eventossociedad\/la-vicegobernacion-celebrara-el-dia-internacional-de-la-danza-2\/","title":{"rendered":"La Vicegobernaci\u00f3n celebrar\u00e1 el d\u00eda internacional de la Danza"},"content":{"rendered":"\n<p>Gala homenaje<\/p>\n\n\n\n<p>El vicegobernador, Pedro Braillard Poccard, invita a la gala homenaje al D\u00eda Internacional de la Danza que se llevar\u00e1 a cabo este martes 7 de mayo a las 20 horas en las escalinatas de la Legislatura provincial.<\/p>\n\n\n\n<p>Previamente, a las 19 horas, habr\u00e1 un conversatorio a cargo de grandes referentes de la danza, el arquitecto, Jos\u00e9 Ramirez; la ex bailarina, Maquela Rivero de Prieto y el actual maestro de ballet, Jos\u00e9 Aguilar; quienes dar\u00e1n una charla dirigida a las compa\u00f1\u00edas que vienen a participar de la gala.<\/p>\n\n\n\n<p>En este marco, a trav\u00e9s del \u00e1rea Cultura Senado, se invita a toda la comunidad a esta celebraci\u00f3n libre y gratuita para bailarines y p\u00fablico en general.<\/p>\n\n\n\n<p>El d\u00eda internacional de la Danza se celebra cada 29 de abril, en honor al famoso core\u00f3grafo Jean-Georges Noverre, pionero de la danza moderna. Su obra &#8220;Las Cartas sobre la Danza&#8221; ha sido fundamental en la evoluci\u00f3n de este arte. Esta celebraci\u00f3n busca promover la danza como forma de expresi\u00f3n art\u00edstica y como medio para fomentar la diversidad cultural y el entendimiento entre las personas.<\/p>\n\n\n\n<p>En Corrientes, la danza ha encontrado su camino gracias al aporte y compromiso de grandes artistas que marcaron la historia y siguen siendo reconocidos. Es un medio de expresi\u00f3n art\u00edstica y cultural que permite transmitir emociones, contar historias y preservar tradiciones.<\/p>\n\n\n\n<figure class=\"wp-block-image size-large\"><img loading=\"lazy\" decoding=\"async\" width=\"576\" height=\"1024\" src=\"https:\/\/corrientesdetarde.com\/wp-content\/uploads\/2024\/05\/WhatsApp-Image-2024-05-06-at-13.12.29-1-576x1024.jpeg\" alt=\"\" class=\"wp-image-145290\" srcset=\"https:\/\/corrientesdetarde.com\/wp-content\/uploads\/2024\/05\/WhatsApp-Image-2024-05-06-at-13.12.29-1-576x1024.jpeg 576w, https:\/\/corrientesdetarde.com\/wp-content\/uploads\/2024\/05\/WhatsApp-Image-2024-05-06-at-13.12.29-1-169x300.jpeg 169w, https:\/\/corrientesdetarde.com\/wp-content\/uploads\/2024\/05\/WhatsApp-Image-2024-05-06-at-13.12.29-1.jpeg 640w\" sizes=\"auto, (max-width: 576px) 100vw, 576px\" \/><\/figure>\n","protected":false},"excerpt":{"rendered":"<p>Gala homenaje El vicegobernador, Pedro Braillard Poccard, invita a la gala homenaje al D\u00eda Internacional de la Danza que se llevar\u00e1 a cabo este martes 7 de mayo a las&hellip; <\/p>\n","protected":false},"author":8,"featured_media":145289,"comment_status":"closed","ping_status":"open","sticky":false,"template":"","format":"standard","meta":{"footnotes":""},"categories":[1208],"tags":[],"class_list":["post-145288","post","type-post","status-publish","format-standard","has-post-thumbnail","hentry","category-eventossociedad"],"_links":{"self":[{"href":"https:\/\/corrientesdetarde.com\/index.php\/wp-json\/wp\/v2\/posts\/145288","targetHints":{"allow":["GET"]}}],"collection":[{"href":"https:\/\/corrientesdetarde.com\/index.php\/wp-json\/wp\/v2\/posts"}],"about":[{"href":"https:\/\/corrientesdetarde.com\/index.php\/wp-json\/wp\/v2\/types\/post"}],"author":[{"embeddable":true,"href":"https:\/\/corrientesdetarde.com\/index.php\/wp-json\/wp\/v2\/users\/8"}],"replies":[{"embeddable":true,"href":"https:\/\/corrientesdetarde.com\/index.php\/wp-json\/wp\/v2\/comments?post=145288"}],"version-history":[{"count":1,"href":"https:\/\/corrientesdetarde.com\/index.php\/wp-json\/wp\/v2\/posts\/145288\/revisions"}],"predecessor-version":[{"id":145291,"href":"https:\/\/corrientesdetarde.com\/index.php\/wp-json\/wp\/v2\/posts\/145288\/revisions\/145291"}],"wp:featuredmedia":[{"embeddable":true,"href":"https:\/\/corrientesdetarde.com\/index.php\/wp-json\/wp\/v2\/media\/145289"}],"wp:attachment":[{"href":"https:\/\/corrientesdetarde.com\/index.php\/wp-json\/wp\/v2\/media?parent=145288"}],"wp:term":[{"taxonomy":"category","embeddable":true,"href":"https:\/\/corrientesdetarde.com\/index.php\/wp-json\/wp\/v2\/categories?post=145288"},{"taxonomy":"post_tag","embeddable":true,"href":"https:\/\/corrientesdetarde.com\/index.php\/wp-json\/wp\/v2\/tags?post=145288"}],"curies":[{"name":"wp","href":"https:\/\/api.w.org\/{rel}","templated":true}]}}