{"id":145292,"date":"2024-05-06T14:01:02","date_gmt":"2024-05-06T17:01:02","guid":{"rendered":"https:\/\/corrientesdetarde.com\/?p=145292"},"modified":"2024-05-06T14:01:06","modified_gmt":"2024-05-06T17:01:06","slug":"asi-sera-el-velatorio-de-cesar-luis-menotti-en-el-predio-de-afa-en-ezeiza","status":"publish","type":"post","link":"https:\/\/corrientesdetarde.com\/index.php\/deportes\/asi-sera-el-velatorio-de-cesar-luis-menotti-en-el-predio-de-afa-en-ezeiza\/","title":{"rendered":"As\u00ed ser\u00e1 el velatorio de C\u00e9sar Luis Menotti en el predio de AFA en Ezeiza"},"content":{"rendered":"\n<p>Este martes se realizar\u00e1 la ceremonia de despedida al DT campe\u00f3n del mundo en el microestadio de futsal.<\/p>\n\n\n\n<p> \u00a0 C\u00e9sar Luis Menotti,uno de los emblemas del f\u00fatbol nacional e internacional, muri\u00f3 este domingo a los 85 a\u00f1os. Y, en esta oportunidad, la Asociaci\u00f3n del F\u00fatbol argentino comunic\u00f3 como ser\u00e1 el \u00faltimo adi\u00f3s al Flaco: se realizar\u00e1 este martes en el microestadio de futsal y podr\u00e1n concurrir exclusivamente familiares, amigos y personalidades destacadas del deporte.<\/p>\n\n\n\n<p>El horario para los que deseen acercarse a despedir al emblema del F\u00fatbol Argentino y la Selecci\u00f3n Nacional ser\u00e1 de 10 a 17. Cabe destacar que Menotti hab\u00eda pasado \u00a0diez d\u00edas internado a principios de abril\u00a0 en el Sanatorio Agote del barrio de Recoleta, en la Ciudad Aut\u00f3noma de Buenos Aires. All\u00ed le hab\u00edan diagnosticado un cuadro de anemia de severa y tras ser dado de alta, hab\u00eda regresado a su casa junto a su familia.<\/p>\n\n\n\n<h2 class=\"wp-block-heading\">As\u00ed comunic\u00f3 AFA el fallecimiento de C\u00e9sar Luis Menotti<\/h2>\n\n\n\n<figure class=\"wp-block-image\"><img decoding=\"async\" src=\"https:\/\/tn.com.ar\/resizer\/I0LOm7r_w8tlFJTuFqguADTHGuk=\/767x0\/smart\/filters:format(webp)\/cloudfront-us-east-1.images.arcpublishing.com\/artear\/XU3I6IN73BG3JOWQXZKC6F4Z5M.JPG\" alt=\"Los famosos despidieron a C\u00e9sar Luis Menotti en las redes sociales\"\/><figcaption class=\"wp-element-caption\">Los famosos despidieron a C\u00e9sar Luis Menotti en las redes socialesPor:&nbsp;<strong>Hernan Jorge Khatchadourian<\/strong><\/figcaption><\/figure>\n\n\n\n<h2 class=\"wp-block-heading\">Los mensajes a Lionel Messi, Lionel Scaloni, Claudio Tapia para despedir a C\u00e9sar Luis Menotti en las redes sociales<\/h2>\n\n\n\n<p><strong>Lionel Messi\u00a0<\/strong>escribi\u00f3 este domingo un sentido mensaje de despedida para\u00a0 C\u00e9sar Luis Menotti, el DT que sali\u00f3 campe\u00f3n del mundo con la Selecci\u00f3n argentina en 1978 y que muri\u00f3 este domingo a los 85 a\u00f1os.<\/p>\n\n\n\n<p>\u201c<strong>Nos dej\u00f3 uno de los grandes referentes de nuestro f\u00fatbol.<\/strong>&nbsp;Condolencias a su familia y seres queridos, QEPD\u201d, escribi\u00f3 el rosarino para recordar a quien se desempe\u00f1\u00f3 como Director de Selecciones Nacionales hasta sus \u00faltimos d\u00edas.<\/p>\n\n\n\n<figure class=\"wp-block-image\"><img decoding=\"async\" src=\"https:\/\/tn.com.ar\/resizer\/opwOrf0qyaCo3nuftRk33ShI6Fc=\/767x0\/smart\/filters:format(webp)\/cloudfront-us-east-1.images.arcpublishing.com\/artear\/3QFJHD6O3BHV5OXPNHXICJZ4CA.jfif\" alt=\"La publicaci\u00f3n de Lionel Messi por la muerte de C\u00e9sar Luis Menotti. (Foto: Captura IG @leomessi).\"\/><\/figure>\n\n\n\n<h2 class=\"wp-block-heading\">De un campe\u00f3n del mundo para otro: el mensaje de Lionel Scaloni<\/h2>\n\n\n\n<p>\u201cSe nos fue un Maestro del f\u00fatbol,&nbsp;<strong>gracias por esas charlas entra\u00f1ables en las que nos dejaste huella<\/strong>, hasta siempre flaco querido\u201d, escribi\u00f3 el entrenador campe\u00f3n del mundo en Qatar 2022.<\/p>\n\n\n\n<figure class=\"wp-block-image\"><img decoding=\"async\" src=\"https:\/\/tn.com.ar\/resizer\/JKnt-WM7KL53VX7xOTPlpNSyN4s=\/767x0\/smart\/filters:format(webp)\/cloudfront-us-east-1.images.arcpublishing.com\/artear\/JTFEP7CNHJEAPDTTQ3AZV3TAB4.PNG\" alt=\"Lionel Scaloni despidi\u00f3 a C\u00e9sar Luis Menotti con un mensaje en redes sociales (Foto: Instagram @lioscaloni)\"\/><\/figure>\n","protected":false},"excerpt":{"rendered":"<p>Este martes se realizar\u00e1 la ceremonia de despedida al DT campe\u00f3n del mundo en el microestadio de futsal. \u00a0 C\u00e9sar Luis Menotti,uno de los emblemas del f\u00fatbol nacional e internacional,&hellip; <\/p>\n","protected":false},"author":8,"featured_media":145293,"comment_status":"closed","ping_status":"open","sticky":false,"template":"","format":"standard","meta":{"footnotes":""},"categories":[4],"tags":[],"class_list":["post-145292","post","type-post","status-publish","format-standard","has-post-thumbnail","hentry","category-deportes"],"_links":{"self":[{"href":"https:\/\/corrientesdetarde.com\/index.php\/wp-json\/wp\/v2\/posts\/145292","targetHints":{"allow":["GET"]}}],"collection":[{"href":"https:\/\/corrientesdetarde.com\/index.php\/wp-json\/wp\/v2\/posts"}],"about":[{"href":"https:\/\/corrientesdetarde.com\/index.php\/wp-json\/wp\/v2\/types\/post"}],"author":[{"embeddable":true,"href":"https:\/\/corrientesdetarde.com\/index.php\/wp-json\/wp\/v2\/users\/8"}],"replies":[{"embeddable":true,"href":"https:\/\/corrientesdetarde.com\/index.php\/wp-json\/wp\/v2\/comments?post=145292"}],"version-history":[{"count":1,"href":"https:\/\/corrientesdetarde.com\/index.php\/wp-json\/wp\/v2\/posts\/145292\/revisions"}],"predecessor-version":[{"id":145294,"href":"https:\/\/corrientesdetarde.com\/index.php\/wp-json\/wp\/v2\/posts\/145292\/revisions\/145294"}],"wp:featuredmedia":[{"embeddable":true,"href":"https:\/\/corrientesdetarde.com\/index.php\/wp-json\/wp\/v2\/media\/145293"}],"wp:attachment":[{"href":"https:\/\/corrientesdetarde.com\/index.php\/wp-json\/wp\/v2\/media?parent=145292"}],"wp:term":[{"taxonomy":"category","embeddable":true,"href":"https:\/\/corrientesdetarde.com\/index.php\/wp-json\/wp\/v2\/categories?post=145292"},{"taxonomy":"post_tag","embeddable":true,"href":"https:\/\/corrientesdetarde.com\/index.php\/wp-json\/wp\/v2\/tags?post=145292"}],"curies":[{"name":"wp","href":"https:\/\/api.w.org\/{rel}","templated":true}]}}