{"id":145295,"date":"2024-05-06T14:08:22","date_gmt":"2024-05-06T17:08:22","guid":{"rendered":"https:\/\/corrientesdetarde.com\/?p=145295"},"modified":"2024-05-06T14:08:34","modified_gmt":"2024-05-06T17:08:34","slug":"entidades-del-agro-le-piden-a-la-corte-suprema-que-revise-una-medida-sobre-indemnizaciones-por-despido","status":"publish","type":"post","link":"https:\/\/corrientesdetarde.com\/index.php\/informacion-general\/entidades-del-agro-le-piden-a-la-corte-suprema-que-revise-una-medida-sobre-indemnizaciones-por-despido\/","title":{"rendered":"Entidades del agro le piden a la Corte Suprema que revise una medida sobre indemnizaciones por despido"},"content":{"rendered":"\n<p>La&nbsp;<strong>Sociedad Rural Argentina (SRA) y la Confederaci\u00f3n Intercooperativa Agropecuaria (CONINAGRO), junto a la Confederaci\u00f3n Argentina de la Mediana Empresa (CAME),&nbsp;<\/strong>se presentaron ante la Corte Suprema de Justicia de la Naci\u00f3n (CSJN) y la C\u00e1mara Nacional de Apelaciones del Trabajo (CNAT) para que revise una medida que encarece las indemnizaciones por despidos.<\/p>\n\n\n\n<p>Se trata de la tasa de inter\u00e9s aplicable para \u201ccr\u00e9ditos laborales\u201d en la Justicia Nacional del Trabajo. Esta nueva presentaci\u00f3n se fundament\u00f3 en que la CSJN resolvi\u00f3 recientemente en el expediente \u201c<strong>Recurso Queja N\u00ba 1 \u2013 OLIVA, FABIO OMAR c\/ COMA S.A. s\/despido (Fallos: 347:100),&nbsp;<\/strong>la improcedencia de la capitalizaci\u00f3n anual y la irrazonabilidad de la tasa de inter\u00e9s anterior, indicando que: \u201cEn la causa, la capitalizaci\u00f3n peri\u00f3dica y sucesiva de intereses ordenada deriv\u00f3 en un resultado econ\u00f3mico desproporcionado y carente de respaldo\u2026\u201d<\/p>\n\n\n\n<p>En di\u00e1logo <strong>,\u00a0<\/strong>el abogado\u00a0<strong>Ignacio Forconi,\u00a0<\/strong>representante legal de las entidades, explic\u00f3: \u201cEn la causa Oliva, la<strong>\u00a0Corte Suprema\u00a0<\/strong>descalific\u00f3 la mec\u00e1nica de la m\u00faltiple capitalizaci\u00f3n, la irrazonabilidad del resultado y la desproporci\u00f3n con la realidad al momento de pago, derogando el Acta 2764 y ordenando a la C\u00e1mara Nacional de Apelaciones del Trabajo que formule una tasa nueva, proporcional y razonable. Pero lejos de ello, la f\u00f3rmula determinada por Acta 2783 de CNAT\u00a0<strong>es m\u00e1s desproporcionada e irrazonable que la derogada por la Corte, y con ese fundamento las entidades se vieron forzadas a realizar esta nueva presentaci\u00f3n\u201d.<\/strong><\/p>\n\n\n\n<p>\u201cEn particular, aun cuando lo atinente a los<strong>&nbsp;intereses aplicables a los cr\u00e9ditos laborales<\/strong>&nbsp;es una materia ubicada en el espacio de razonable discreci\u00f3n de los jueces de la causa, cabe apartarse de tal principio cuando la decisi\u00f3n cuestionada, am\u00e9n de carecer de sustento legal, arriba a un resultado manifiestamente desproporcionado que prescinde de la realidad econ\u00f3mica existente al momento del pronunciamiento\u201d, se explay\u00f3 el fallo.<\/p>\n\n\n\n<p>En consecuencia, la&nbsp;<strong>CNAT&nbsp;<\/strong>fij\u00f3 la actual tasa de inter\u00e9s pretendiendo adaptarse a los par\u00e1metros mencionados.<\/p>\n\n\n\n<p>\u201cNo obstante, esta soluci\u00f3n resulta igual o incluso m\u00e1s desproporcionada, seg\u00fan el caso concreto\u201d, se quejaron los ruralistas.<\/p>\n\n\n\n<figure class=\"wp-block-image\"><img decoding=\"async\" src=\"https:\/\/tn.com.ar\/resizer\/uEbISa_xQNjZ8WVA8XUr5uUPwhc=\/767x0\/smart\/filters:format(webp)\/cloudfront-us-east-1.images.arcpublishing.com\/artear\/2YX4V3NLNRGG3MTPPNKOFGHXKI.jpg\" alt=\"Se trata de la tasa de inter\u00e9s aplicable para \u201ccr\u00e9ditos laborales\u201d en la Justicia Nacional del Trabajo. \"\/><\/figure>\n\n\n\n<p>Es importante destacar que la tasa refiere a la aplicaci\u00f3n del&nbsp;<strong>Coeficiente de Estabilizaci\u00f3n de Referencia (CER),&nbsp;<\/strong>es decir atado a la evoluci\u00f3n de la<strong>&nbsp;inflaci\u00f3n,<\/strong>&nbsp;m\u00e1s el 6%.<\/p>\n\n\n\n<p>\u201cEsto<strong>&nbsp;implica fijar un \u00edndice de actualizaci\u00f3n como tasa de inter\u00e9s, lo cual no se encuentra permitido por ley, y tambi\u00e9n ya fue esbozado<\/strong>\u201d, se\u00f1alaron por medio de un comunicado.<\/p>\n\n\n\n<p>\u201cComo conclusi\u00f3n, las entidades ratifican la soluci\u00f3n brindada en la presentaci\u00f3n anterior, en el sentido de que la tasa no puede ser superior a la que se fija para juicios por alimentos en materia civil\u201d, concluyeron.<\/p>\n","protected":false},"excerpt":{"rendered":"<p>La&nbsp;Sociedad Rural Argentina (SRA) y la Confederaci\u00f3n Intercooperativa Agropecuaria (CONINAGRO), junto a la Confederaci\u00f3n Argentina de la Mediana Empresa (CAME),&nbsp;se presentaron ante la Corte Suprema de Justicia de la Naci\u00f3n&hellip; <\/p>\n","protected":false},"author":8,"featured_media":145296,"comment_status":"closed","ping_status":"open","sticky":false,"template":"","format":"standard","meta":{"footnotes":""},"categories":[1],"tags":[],"class_list":["post-145295","post","type-post","status-publish","format-standard","has-post-thumbnail","hentry","category-informacion-general"],"_links":{"self":[{"href":"https:\/\/corrientesdetarde.com\/index.php\/wp-json\/wp\/v2\/posts\/145295","targetHints":{"allow":["GET"]}}],"collection":[{"href":"https:\/\/corrientesdetarde.com\/index.php\/wp-json\/wp\/v2\/posts"}],"about":[{"href":"https:\/\/corrientesdetarde.com\/index.php\/wp-json\/wp\/v2\/types\/post"}],"author":[{"embeddable":true,"href":"https:\/\/corrientesdetarde.com\/index.php\/wp-json\/wp\/v2\/users\/8"}],"replies":[{"embeddable":true,"href":"https:\/\/corrientesdetarde.com\/index.php\/wp-json\/wp\/v2\/comments?post=145295"}],"version-history":[{"count":1,"href":"https:\/\/corrientesdetarde.com\/index.php\/wp-json\/wp\/v2\/posts\/145295\/revisions"}],"predecessor-version":[{"id":145297,"href":"https:\/\/corrientesdetarde.com\/index.php\/wp-json\/wp\/v2\/posts\/145295\/revisions\/145297"}],"wp:featuredmedia":[{"embeddable":true,"href":"https:\/\/corrientesdetarde.com\/index.php\/wp-json\/wp\/v2\/media\/145296"}],"wp:attachment":[{"href":"https:\/\/corrientesdetarde.com\/index.php\/wp-json\/wp\/v2\/media?parent=145295"}],"wp:term":[{"taxonomy":"category","embeddable":true,"href":"https:\/\/corrientesdetarde.com\/index.php\/wp-json\/wp\/v2\/categories?post=145295"},{"taxonomy":"post_tag","embeddable":true,"href":"https:\/\/corrientesdetarde.com\/index.php\/wp-json\/wp\/v2\/tags?post=145295"}],"curies":[{"name":"wp","href":"https:\/\/api.w.org\/{rel}","templated":true}]}}