{"id":145298,"date":"2024-05-06T14:12:06","date_gmt":"2024-05-06T17:12:06","guid":{"rendered":"https:\/\/corrientesdetarde.com\/?p=145298"},"modified":"2024-05-06T14:12:10","modified_gmt":"2024-05-06T17:12:10","slug":"la-reaccion-de-milei-tras-el-fallo-judicial-por-el-caso-chocobar-se-termina-con-la-doctrina-zaffaroni","status":"publish","type":"post","link":"https:\/\/corrientesdetarde.com\/index.php\/politica\/la-reaccion-de-milei-tras-el-fallo-judicial-por-el-caso-chocobar-se-termina-con-la-doctrina-zaffaroni\/","title":{"rendered":"La reacci\u00f3n de Milei tras el fallo judicial por el caso Chocobar: \u201cSe termina con la doctrina Zaffaroni\u201d"},"content":{"rendered":"\n<p>El Presidente celebr\u00f3 la resoluci\u00f3n que anul\u00f3 la condena al polic\u00eda que mat\u00f3 a un ladr\u00f3n en La Boca en 2017. \u201cUn tiro para el lado de la Justicia\u201d, asegur\u00f3 el mandatario en su cuenta de la red social X.<\/p>\n\n\n\n<p>El presidente\u00a0Javier Milei\u00a0celebr\u00f3 el fallo de la Justicia que\u00a0anul\u00f3 la condena\u00a0al polic\u00eda,\u00a0Luis Chocobar,\u00a0que mat\u00f3 al delincuente\u00a0Juan Pablo Kukoc\u00a0en 2016. El mandatario destac\u00f3: \u201cAqu\u00ed se termina con la\u00a0doctrina Zaffaroni\u201d,\u00a0en relaci\u00f3n a las posturas del exintegrante de la Corte Suprema de Justicia.<\/p>\n\n\n\n<p>Milei escribi\u00f3 en su cuenta de&nbsp;<em>X:<\/em>&nbsp;\u201cUn tiro para&nbsp;<strong>el lado de la Justicia&#8230;&nbsp;<\/strong>Los uniformados son los buenos y los delincuentes son los malos. Aqu\u00ed se termina con la doctrina Zaffaroni. Viva la libertad carajo\u201d.<\/p>\n\n\n\n<p>De parte del Gobierno el ministro de Defensa,&nbsp;<strong>Luis Petri,<\/strong>&nbsp;tambi\u00e9n destac\u00f3 el fallo que anul\u00f3 la condena a Chocobar. El funcionario escribi\u00f3 en su cuenta de&nbsp;<em>X:<\/em>&nbsp;\u201c\u00a1Es una gran noticia la revocaci\u00f3n de la injusta condena a Chocobar! \u00a1Siempre lo dijimos, actu\u00f3 en cumplimiento del deber! \u00a1Presente en el Congreso en ese momento la \u2018Ley Chocobar\u2019 para proteger a los que nos protegen! \u00a1Es Justicia!\u201d.<\/p>\n\n\n\n<p>Petri cit\u00f3 un mensaje suyo de octubre de 2020 que dec\u00eda: \u201cApoyar a Chocobar es defender a la polic\u00eda que se la juega, que arriesga su vida para salvar la de una victima, que no duda ni se hace el distra\u00eddo, que enfrenta delincuentes y sale en su persecuci\u00f3n. Ahora el arriesga su libertad y en este momento&nbsp;<a href=\"https:\/\/twitter.com\/hashtag\/TodosSomosChocobar?src=hashtag_click\">#TodosSomosChocobar<\/a>\u201d.<\/p>\n\n\n\n<h2 class=\"wp-block-heading\">La Justicia anul\u00f3 la condena a Chocobar y pidi\u00f3 que se haga un nuevo juicio<\/h2>\n\n\n\n<p>La Justicia resolvi\u00f3&nbsp;<strong>anular la condena&nbsp;<\/strong>a dos a\u00f1os de prisi\u00f3n<strong>&nbsp;contra Chocobar<\/strong>&nbsp;y pidi\u00f3 que se realice un nuevo juicio, confirm\u00f3 el abogado del polic\u00eda,&nbsp;<strong>Fernando Soto,&nbsp;<\/strong>que escribi\u00f3 en su cuenta de<em>&nbsp;X:<\/em>&nbsp;\u201cLa Sala II de la Casaci\u00f3n Nacional anul\u00f3 el juicio oral que le hicieron a Chocobar.&nbsp;<strong>Manda a hacer un nuevo juicio oral,<\/strong>&nbsp;\u00a1Ley y orden!\u201d.<\/p>\n\n\n\n<ul class=\"wp-block-list\">\n<li>Chocobar hab\u00eda sido condenado a\u00a0dos a\u00f1os de prisi\u00f3n en suspenso y cinco a\u00f1os de inhabilitaci\u00f3nen 2021 por haber matado a balazos al delincuente\u00a0<strong>Juan Pablo Kukoc,\u00a0<\/strong>que atac\u00f3 a pu\u00f1aladas a un turista estadounidense en el barrio porte\u00f1o de La Boca en 2017.<\/li>\n\n\n\n<li>La condena era excarcelable, por lo que el polic\u00eda no fue preso. Sin embargo, en aquel momento su abogado hab\u00eda advertido que\u00a0\u201cfallaron en contra de las pruebas de la causa\u201d.<\/li>\n\n\n\n<li>En sus fundamentos el Tribunal Oral de Menores N\u00b02 consider\u00f3<strong>\u00a0\u201cinnecesario y desproporcionado\u201d el disparo\u00a0final\u00a0<\/strong>que provoc\u00f3 la muerte del asaltante, ya que no resultaba \u201cpeligroso para nadie\u201d, y determin\u00f3 que el condenado incumpli\u00f3 \u201cla normativa nacional e internacional\u201d sobre el uso de arma.<\/li>\n\n\n\n<li>El juez Fernando Pisano explic\u00f3 que\u00a0<strong>Chocobar estaba de civil<\/strong>\u00a0cuando vio al turista estadounidense Frenk Wolek<strong> \u00a0que ped\u00eda auxilio<\/strong>\u00a0tras ser asaltado y apu\u00f1alado por dos delincuentes que le sustrajeron su c\u00e1mara de fotos, uno de los cuales result\u00f3 ser Kukoc, que huy\u00f3 a las corridas.<\/li>\n\n\n\n<li>Para el Tribunal\u00a0<strong>no se trat\u00f3 de un caso de \u201cleg\u00edtima defensa\u201d<\/strong>\u00a0como aleg\u00f3 la defensa del efectivo en aquel momento, ya que \u201cpoqu\u00edsimos segundos m\u00e1s tarde se apart\u00f3 de la normativa permisiva al herir con su \u00faltima salva a Kukoc cuando ya se encontraba a bastante distancia, sin armas a la vista, ni representar peligro alguno\u201d.<\/li>\n<\/ul>\n","protected":false},"excerpt":{"rendered":"<p>El Presidente celebr\u00f3 la resoluci\u00f3n que anul\u00f3 la condena al polic\u00eda que mat\u00f3 a un ladr\u00f3n en La Boca en 2017. \u201cUn tiro para el lado de la Justicia\u201d, asegur\u00f3&hellip; <\/p>\n","protected":false},"author":8,"featured_media":145299,"comment_status":"closed","ping_status":"open","sticky":false,"template":"","format":"standard","meta":{"footnotes":""},"categories":[3],"tags":[],"class_list":["post-145298","post","type-post","status-publish","format-standard","has-post-thumbnail","hentry","category-politica"],"_links":{"self":[{"href":"https:\/\/corrientesdetarde.com\/index.php\/wp-json\/wp\/v2\/posts\/145298","targetHints":{"allow":["GET"]}}],"collection":[{"href":"https:\/\/corrientesdetarde.com\/index.php\/wp-json\/wp\/v2\/posts"}],"about":[{"href":"https:\/\/corrientesdetarde.com\/index.php\/wp-json\/wp\/v2\/types\/post"}],"author":[{"embeddable":true,"href":"https:\/\/corrientesdetarde.com\/index.php\/wp-json\/wp\/v2\/users\/8"}],"replies":[{"embeddable":true,"href":"https:\/\/corrientesdetarde.com\/index.php\/wp-json\/wp\/v2\/comments?post=145298"}],"version-history":[{"count":1,"href":"https:\/\/corrientesdetarde.com\/index.php\/wp-json\/wp\/v2\/posts\/145298\/revisions"}],"predecessor-version":[{"id":145300,"href":"https:\/\/corrientesdetarde.com\/index.php\/wp-json\/wp\/v2\/posts\/145298\/revisions\/145300"}],"wp:featuredmedia":[{"embeddable":true,"href":"https:\/\/corrientesdetarde.com\/index.php\/wp-json\/wp\/v2\/media\/145299"}],"wp:attachment":[{"href":"https:\/\/corrientesdetarde.com\/index.php\/wp-json\/wp\/v2\/media?parent=145298"}],"wp:term":[{"taxonomy":"category","embeddable":true,"href":"https:\/\/corrientesdetarde.com\/index.php\/wp-json\/wp\/v2\/categories?post=145298"},{"taxonomy":"post_tag","embeddable":true,"href":"https:\/\/corrientesdetarde.com\/index.php\/wp-json\/wp\/v2\/tags?post=145298"}],"curies":[{"name":"wp","href":"https:\/\/api.w.org\/{rel}","templated":true}]}}