{"id":145304,"date":"2024-05-06T14:17:52","date_gmt":"2024-05-06T17:17:52","guid":{"rendered":"https:\/\/corrientesdetarde.com\/?p=145304"},"modified":"2024-05-06T14:18:05","modified_gmt":"2024-05-06T17:18:05","slug":"hamas-asegura-que-acepto-la-propuesta-de-egipto-y-qatar-de-un-alto-el-fuego-en-gaza","status":"publish","type":"post","link":"https:\/\/corrientesdetarde.com\/index.php\/internacionales\/hamas-asegura-que-acepto-la-propuesta-de-egipto-y-qatar-de-un-alto-el-fuego-en-gaza\/","title":{"rendered":"Hamas asegura que acept\u00f3 la propuesta de Egipto y Qatar de un alto el fuego en Gaza"},"content":{"rendered":"\n<p>Por el momento no se conocen los detalles de la propuesta, ni la postura de las autoridades israel\u00edes.<\/p>\n\n\n\n<p>El jefe pol\u00edtico de&nbsp;<strong>Hamas<\/strong>, Ismail Haniyeh, comunic\u00f3 este lunes a Egipto y a Qatar que el grupo islamista&nbsp;<strong>acept\u00f3 su propuesta para un alto el fuego en la Franja de Gaza<\/strong>. Fue a trav\u00e9s de un breve comunicado en donde no brindaron detalles del acuerdo, ni la postura de las autoridades israel\u00edes.<\/p>\n\n\n\n<p>La noticia se conoce despu\u00e9s de que el Ej\u00e9rcito israel\u00ed ordenara evacuar a unos 100.000 palestinos en el este de Rafah ante un posible asalto terrestre. En ese marco, el primer ministro Benjam\u00edn Netanyahu hab\u00eda rechazado ponerle fin a la guerra.<\/p>\n\n\n\n<p>\u201dIsmail Haniyeh, l\u00edder del bur\u00f3 pol\u00edtico del movimiento Ham\u00e1s, realiz\u00f3 una llamada con el primer ministro catar\u00ed, Mohammed bin Abdulrahman Al Thani, y con el ministro de Inteligencia egipcio, Ab\u00e1s Kamel, y les inform\u00f3 de la aprobaci\u00f3n por parte del movimiento Ham\u00e1s de su propuesta sobre un acuerdo de alto el fuego\u201d, dijo el grupo palestino seg\u00fan informaci\u00f3n de la&nbsp;<em>agencia EFE<\/em>.<\/p>\n\n\n\n<p>Este lunes por la ma\u00f1ana, miles de palestinos en la localidad sure\u00f1a de Rafah recibieron mensajes inst\u00e1ndolos a evacuar a la zona de Jan Yunis, haciendo saltar las alarmas ante la posibilidad de que el Ej\u00e9rcito comience pronto con su anunciada invasi\u00f3n terrestre en el sur de Gaza.<\/p>\n\n\n\n<p>El grupo islamista advirti\u00f3 hoy a las fuerzas israel\u00edes de que cualquier operaci\u00f3n militar en Rafah \u201cno ser\u00e1 un picnic\u201d, y que el brazo armado del grupo, las Brigadas al Qasam, est\u00e1n preparadas para \u201cdefender a nuestro pueblo\u201d. Ham\u00e1s pidi\u00f3 adem\u00e1s a los organismos internacionales que todav\u00eda operan en el enclave, y en particular a la agencia de la ONU para los refugiados palestinos (UNRWA), que no lo abandonen tras las \u00f3rdenes de evacuaci\u00f3n israel\u00edes.<\/p>\n","protected":false},"excerpt":{"rendered":"<p>Por el momento no se conocen los detalles de la propuesta, ni la postura de las autoridades israel\u00edes. El jefe pol\u00edtico de&nbsp;Hamas, Ismail Haniyeh, comunic\u00f3 este lunes a Egipto y&hellip; <\/p>\n","protected":false},"author":8,"featured_media":145305,"comment_status":"closed","ping_status":"open","sticky":false,"template":"","format":"standard","meta":{"footnotes":""},"categories":[11],"tags":[],"class_list":["post-145304","post","type-post","status-publish","format-standard","has-post-thumbnail","hentry","category-internacionales"],"_links":{"self":[{"href":"https:\/\/corrientesdetarde.com\/index.php\/wp-json\/wp\/v2\/posts\/145304","targetHints":{"allow":["GET"]}}],"collection":[{"href":"https:\/\/corrientesdetarde.com\/index.php\/wp-json\/wp\/v2\/posts"}],"about":[{"href":"https:\/\/corrientesdetarde.com\/index.php\/wp-json\/wp\/v2\/types\/post"}],"author":[{"embeddable":true,"href":"https:\/\/corrientesdetarde.com\/index.php\/wp-json\/wp\/v2\/users\/8"}],"replies":[{"embeddable":true,"href":"https:\/\/corrientesdetarde.com\/index.php\/wp-json\/wp\/v2\/comments?post=145304"}],"version-history":[{"count":1,"href":"https:\/\/corrientesdetarde.com\/index.php\/wp-json\/wp\/v2\/posts\/145304\/revisions"}],"predecessor-version":[{"id":145306,"href":"https:\/\/corrientesdetarde.com\/index.php\/wp-json\/wp\/v2\/posts\/145304\/revisions\/145306"}],"wp:featuredmedia":[{"embeddable":true,"href":"https:\/\/corrientesdetarde.com\/index.php\/wp-json\/wp\/v2\/media\/145305"}],"wp:attachment":[{"href":"https:\/\/corrientesdetarde.com\/index.php\/wp-json\/wp\/v2\/media?parent=145304"}],"wp:term":[{"taxonomy":"category","embeddable":true,"href":"https:\/\/corrientesdetarde.com\/index.php\/wp-json\/wp\/v2\/categories?post=145304"},{"taxonomy":"post_tag","embeddable":true,"href":"https:\/\/corrientesdetarde.com\/index.php\/wp-json\/wp\/v2\/tags?post=145304"}],"curies":[{"name":"wp","href":"https:\/\/api.w.org\/{rel}","templated":true}]}}