{"id":145313,"date":"2024-05-06T14:48:00","date_gmt":"2024-05-06T17:48:00","guid":{"rendered":"https:\/\/corrientesdetarde.com\/?p=145313"},"modified":"2024-05-06T14:48:06","modified_gmt":"2024-05-06T17:48:06","slug":"oficial-la-liga-profesional-confirmo-dia-y-horario-para-las-primeras-cuatro-fechas-del-torneo-2024","status":"publish","type":"post","link":"https:\/\/corrientesdetarde.com\/index.php\/deportes\/oficial-la-liga-profesional-confirmo-dia-y-horario-para-las-primeras-cuatro-fechas-del-torneo-2024\/","title":{"rendered":"Oficial: la Liga Profesional confirm\u00f3 d\u00eda y horario para las primeras cuatro fechas del Torneo 2024"},"content":{"rendered":"\n<p>El torneo tendr\u00e1 varias particularidades y definir\u00e1, entre otras cosas, los descensos y los clasificados a la Libertadores y Sudamericana 2025.<\/p>\n\n\n\n<p>Las autoridades de la\u00a0Liga Profesional de F\u00fatbol \u00a0dieron a conocer los d\u00edas y horarios de las primeras cuatro fechas del nuevo torneo. El certamen comenzar\u00e1 el viernes 10 de mayo con tres partidos.<strong>\u00a0River<\/strong>\u00a0debutar\u00e1 el s\u00e1bado 11 como local ante\u00a0<strong>Central C\u00f3rdoba<\/strong>, mientras que el domingo 12\u00a0<strong>Boca<\/strong>\u00a0ser\u00e1 visitante ante\u00a0<strong>Atl\u00e9tico Tucum\u00e1n<\/strong>.<\/p>\n\n\n\n<p>El certamen tendr\u00e1 algunas cuestiones a destacar, entre ellas, que el mercado de pases se abrir\u00e1 entre la tercera y la cuarta fecha y quedar\u00e1 abierto hasta el \u00faltimo d\u00eda de agosto. La competencia se detendr\u00e1 tras la quinta fecha por el inicio de la<strong>&nbsp;Copa Am\u00e9rica 2024<\/strong>, que se jugar\u00e1 en Estados Unidos desde el 20 de junio al 14 de julio; mientras que la \u00faltima jornada, la n\u00famero 27, ser\u00e1 el 15 de diciembre.<\/p>\n\n\n\n<p>El certamen, adem\u00e1s, definir\u00e1 los descensos y los equipos clasificados a la Copa Libertadores y Copa Sudamericana 2025.<\/p>\n\n\n\n<figure class=\"wp-block-image\"><img decoding=\"async\" src=\"https:\/\/tn.com.ar\/resizer\/AWoUdCivqxupYSxz76BpDrluf74=\/767x0\/smart\/filters:format(webp)\/cloudfront-us-east-1.images.arcpublishing.com\/artear\/FDJRUAD76FBKFDWOX7FOFVKZWE.jpg\" alt=\"Boca y River jugar\u00e1n en la fecha 15 en la Bombonera. (Foto: AP Photo\/Nicolas Aguilera)\"\/><\/figure>\n\n\n\n<h2 class=\"wp-block-heading\">As\u00ed se jugar\u00e1 la primera fecha de la Liga Profesional 2024<\/h2>\n\n\n\n<p><strong>Viernes 10 de mayo<\/strong><\/p>\n\n\n\n<p>19.00 Sarmiento \u2013 Instituto<\/p>\n\n\n\n<p>21.15 Argentinos \u2013 Rosario Central<\/p>\n\n\n\n<p>21.15 Newell\u2019s \u2013 Platense<\/p>\n\n\n\n<p><strong>S\u00e1bado 11 de mayo<\/strong><\/p>\n\n\n\n<p>14.30 Hurac\u00e1n \u2013 Defensa y Justicia<\/p>\n\n\n\n<p>15.30 Godoy Cruz \u2013 Barracas Central<\/p>\n\n\n\n<p>17.30 Independiente \u2013 Talleres<\/p>\n\n\n\n<p>19.45 River \u2013 Central C\u00f3rdoba<\/p>\n\n\n\n<p><strong>Domingo 12 de mayo<\/strong><\/p>\n\n\n\n<p>15.30 Deportivo Riestra \u2013 San Lorenzo<\/p>\n\n\n\n<p>15.30 Tigre \u2013 Estudiantes<\/p>\n\n\n\n<p>17.45 Belgrano \u2013 Racing<\/p>\n\n\n\n<p>17.45 Lan\u00fas \u2013 Independiente Rivadavia<\/p>\n\n\n\n<p>20.15 Atl\u00e9tico Tucum\u00e1n \u2013 Boca<\/p>\n\n\n\n<p><strong>Lunes 13 de mayo<\/strong><\/p>\n\n\n\n<p>19.00 Gimnasia \u2013 V\u00e9lez<\/p>\n\n\n\n<p>21.00 Uni\u00f3n \u2013 Banfield<\/p>\n\n\n\n<h2 class=\"wp-block-heading\">As\u00ed se jugar\u00e1 la segunda fecha de la Liga Profesional 2024<\/h2>\n\n\n\n<p><strong>Viernes 17 de mayo<\/strong><\/p>\n\n\n\n<p>20.00 Barracas Central \u2013 Sarmiento<\/p>\n\n\n\n<p><strong>S\u00e1bado 18 de mayo<\/strong><\/p>\n\n\n\n<p>15.30 Independiente Rivadavia \u2013 Godoy Cruz<\/p>\n\n\n\n<p>18.00 River \u2013 Belgrano<\/p>\n\n\n\n<p>20.00 Defensa y Justicia \u2013 Gimnasia<\/p>\n\n\n\n<p>20.30 Instituto \u2013 Uni\u00f3n<\/p>\n\n\n\n<p><strong>Domingo 19 de mayo<\/strong><\/p>\n\n\n\n<p>15.30 Platense \u2013 Independiente<\/p>\n\n\n\n<p>17.45 Banfield \u2013 Hurac\u00e1n<\/p>\n\n\n\n<p>17.45 Talleres \u2013 Atl\u00e9tico Tucum\u00e1n<\/p>\n\n\n\n<p>20.00 Central C\u00f3rdoba \u2013 Boca<\/p>\n\n\n\n<p><strong>Lunes 20 de mayo<\/strong><\/p>\n\n\n\n<p>19.00 San Lorenzo \u2013 Lan\u00fas<\/p>\n\n\n\n<p>19.00 Estudiantes \u2013 Deportivo Riestra<\/p>\n\n\n\n<p>21.15 Racing \u2013 Argentinos<\/p>\n\n\n\n<p>21.15 Rosario Central \u2013 Tigre<\/p>\n\n\n\n<p><strong>Martes 21 de mayo<\/strong><\/p>\n\n\n\n<p>20.00 V\u00e9lez \u2013 Newell\u2019s<\/p>\n\n\n\n<h2 class=\"wp-block-heading\">As\u00ed se jugar\u00e1 la tercera fecha de la Liga Profesional 2024<\/h2>\n\n\n\n<p><strong>Viernes 24 de mayo<\/strong><\/p>\n\n\n\n<p>15.30 Deportivo Riestra \u2013 Rosario Central<\/p>\n\n\n\n<p>19.00 Tigre \u2013 Racing<\/p>\n\n\n\n<p>21.15 Belgrano \u2013 Central C\u00f3rdoba<\/p>\n\n\n\n<p>21.15 Lan\u00fas \u2013 Estudiantes<\/p>\n\n\n\n<p><strong>S\u00e1bado 25 de mayo<\/strong><\/p>\n\n\n\n<p>15.00 Argentinos \u2013 River<\/p>\n\n\n\n<p>17.30 Godoy Cruz \u2013 San Lorenzo<\/p>\n\n\n\n<p>17.30 Newell\u2019s \u2013 Defensa y Justicia<\/p>\n\n\n\n<p>20.00 Boca \u2013 Talleres<\/p>\n\n\n\n<p><strong>Domingo 26 de mayo<\/strong><\/p>\n\n\n\n<p>15.30 Hurac\u00e1n \u2013 Instituto<\/p>\n\n\n\n<p>17.30 Sarmiento \u2013 Independiente Rivadavia<\/p>\n\n\n\n<p>17.45 Gimnasia \u2013 Banfield<\/p>\n\n\n\n<p>20.00 Independiente \u2013 V\u00e9lez<\/p>\n\n\n\n<p><strong>Lunes 27 de mayo<\/strong><\/p>\n\n\n\n<p>19.00 Uni\u00f3n \u2013 Barracas Central<\/p>\n\n\n\n<p>21.00 Atl\u00e9tico Tucum\u00e1n \u2013 Platense<\/p>\n\n\n\n<h2 class=\"wp-block-heading\">As\u00ed se jugar\u00e1 la cuarta fecha de la Liga Profesional 2024<\/h2>\n\n\n\n<p><strong>S\u00e1bado 1\u00b0 de junio<\/strong><\/p>\n\n\n\n<p>18.00 Racing \u2013 Deportivo Riestra<\/p>\n\n\n\n<p>20.15 V\u00e9lez \u2013 Atl\u00e9tico Tucum\u00e1n<\/p>\n\n\n\n<p>20.15 Belgrano \u2013 Argentinos<\/p>\n\n\n\n<p><strong>Domingo 2 de junio<\/strong><\/p>\n\n\n\n<p>14.30 Platense \u2013 Boca<\/p>\n\n\n\n<p>18.00 Rosario Central \u2013 Lan\u00fas<\/p>\n\n\n\n<p>18.00 Central C\u00f3rdoba \u2013 Talleres<\/p>\n\n\n\n<p>20.15 Instituto \u2013 Gimnasia<\/p>\n\n\n\n<p>20.15 River \u2013 Tigre<\/p>\n\n\n\n<p><strong>Lunes 3 de junio<\/strong><\/p>\n\n\n\n<p>19.00 Barracas Central \u2013 Hurac\u00e1n<\/p>\n\n\n\n<p>19.00 San Lorenzo \u2013 Sarmiento<\/p>\n\n\n\n<p>21.15 Estudiantes \u2013 Godoy Cruz<\/p>\n\n\n\n<p>21.15 Defensa y Justicia \u2013 Independiente<\/p>\n\n\n\n<p><strong>Martes 4 de junio<\/strong><\/p>\n\n\n\n<p>20.00 Banfield \u2013 Newell\u2019s<\/p>\n\n\n\n<p>20.00 Independiente Rivadavia \u2013 Uni\u00f3n<\/p>\n","protected":false},"excerpt":{"rendered":"<p>El torneo tendr\u00e1 varias particularidades y definir\u00e1, entre otras cosas, los descensos y los clasificados a la Libertadores y Sudamericana 2025. Las autoridades de la\u00a0Liga Profesional de F\u00fatbol \u00a0dieron a&hellip; <\/p>\n","protected":false},"author":8,"featured_media":145314,"comment_status":"closed","ping_status":"open","sticky":false,"template":"","format":"standard","meta":{"footnotes":""},"categories":[4],"tags":[],"class_list":["post-145313","post","type-post","status-publish","format-standard","has-post-thumbnail","hentry","category-deportes"],"_links":{"self":[{"href":"https:\/\/corrientesdetarde.com\/index.php\/wp-json\/wp\/v2\/posts\/145313","targetHints":{"allow":["GET"]}}],"collection":[{"href":"https:\/\/corrientesdetarde.com\/index.php\/wp-json\/wp\/v2\/posts"}],"about":[{"href":"https:\/\/corrientesdetarde.com\/index.php\/wp-json\/wp\/v2\/types\/post"}],"author":[{"embeddable":true,"href":"https:\/\/corrientesdetarde.com\/index.php\/wp-json\/wp\/v2\/users\/8"}],"replies":[{"embeddable":true,"href":"https:\/\/corrientesdetarde.com\/index.php\/wp-json\/wp\/v2\/comments?post=145313"}],"version-history":[{"count":1,"href":"https:\/\/corrientesdetarde.com\/index.php\/wp-json\/wp\/v2\/posts\/145313\/revisions"}],"predecessor-version":[{"id":145315,"href":"https:\/\/corrientesdetarde.com\/index.php\/wp-json\/wp\/v2\/posts\/145313\/revisions\/145315"}],"wp:featuredmedia":[{"embeddable":true,"href":"https:\/\/corrientesdetarde.com\/index.php\/wp-json\/wp\/v2\/media\/145314"}],"wp:attachment":[{"href":"https:\/\/corrientesdetarde.com\/index.php\/wp-json\/wp\/v2\/media?parent=145313"}],"wp:term":[{"taxonomy":"category","embeddable":true,"href":"https:\/\/corrientesdetarde.com\/index.php\/wp-json\/wp\/v2\/categories?post=145313"},{"taxonomy":"post_tag","embeddable":true,"href":"https:\/\/corrientesdetarde.com\/index.php\/wp-json\/wp\/v2\/tags?post=145313"}],"curies":[{"name":"wp","href":"https:\/\/api.w.org\/{rel}","templated":true}]}}