{"id":145319,"date":"2024-05-06T15:01:38","date_gmt":"2024-05-06T18:01:38","guid":{"rendered":"https:\/\/corrientesdetarde.com\/?p=145319"},"modified":"2024-05-06T15:01:50","modified_gmt":"2024-05-06T18:01:50","slug":"la-justicia-anulo-la-condena-a-chocobar-y-pidio-que-se-haga-un-nuevo-juicio","status":"publish","type":"post","link":"https:\/\/corrientesdetarde.com\/index.php\/crimen-y-justicia\/la-justicia-anulo-la-condena-a-chocobar-y-pidio-que-se-haga-un-nuevo-juicio\/","title":{"rendered":"La Justicia anul\u00f3 la condena a Chocobar y pidi\u00f3 que se haga un nuevo juicio"},"content":{"rendered":"\n<p>El polic\u00eda hab\u00eda sido condenado a 2 a\u00f1os de prisi\u00f3n en 2021. Ahora habr\u00e1 un nuevo debate oral.<\/p>\n\n\n\n<p>La Justicia resolvi\u00f3&nbsp;<strong>anular la condena&nbsp;<\/strong>a dos a\u00f1os de prisi\u00f3n<strong>&nbsp;contra el polic\u00eda Luis Chocobar<\/strong>&nbsp;y solicit\u00f3 que se realice un nuevo debate oral. As\u00ed lo confirm\u00f3 el abogado del polic\u00eda, Fernando Soto.<\/p>\n\n\n\n<p>\u201cLa Sala II de la Casaci\u00f3n Nacional anul\u00f3 el juicio oral que le hicieron a Chocobar.&nbsp;<strong>Manda a hacer un nuevo juicio oral<\/strong>\u201d, inform\u00f3 Soto en su cuenta de Twitter. Al mismo tiempo, celebr\u00f3: \u201c\u00a1Ley y orden!\u201d.<\/p>\n\n\n\n<p>La decisi\u00f3n fue tomada por la sala II de la C\u00e1mara Nacional de Casaci\u00f3n en lo Criminal y Correccional de la Capital Federal, integrada por los jueces&nbsp;<strong>Horacio D\u00edas, Eugenio Sarrabayrouse y Daniel Morin.&nbsp;<\/strong>Los magistrados ordenaron sortear un nuevo tribunal oral para hacer otro proceso.<\/p>\n\n\n\n<p>Desde Casaci\u00f3n plantearon que los jueces del Tribunal Oral de Menores 2, Jorge Ariel Apolo, Fernando Pisano y Adolfo Calvete,&nbsp;<strong>fueron contradictorios respecto de la conducta de Chocobar<\/strong>.<\/p>\n\n\n\n<p>\u201cSurgen evidentes y serias i<strong>nconsistencias y contradicciones internas en cada uno de los votos<\/strong>; y tambi\u00e9n externas, pues tal como plantea la defensa en su recurso, los tres votos afirman circunstancias distintas sobre aspectos medulares del hecho atribuido a Chocobar\u201d, se\u00f1alaron los jueces.<\/p>\n\n\n\n<p>En paralelo, la C\u00e1mara de Casaci\u00f3n tambi\u00e9n confirm\u00f3 hoy la&nbsp;<strong>condena a nueve a\u00f1os de prisi\u00f3n para J.M.P.R.<\/strong>, el otro delincuente que particip\u00f3 de aquel episodio, ya que los jueces rechazaron todas sus apelaciones. Pero el tribunal s\u00ed acept\u00f3 la apelaci\u00f3n de la defensa del expolic\u00eda y por eso se realizar\u00e1 otro juicio.<\/p>\n\n\n\n<figure class=\"wp-block-image\"><img decoding=\"async\" src=\"https:\/\/tn.com.ar\/resizer\/x3VGKiKTkPBITjkifh0wMec-e8s=\/767x0\/smart\/filters:format(webp)\/cloudfront-us-east-1.images.arcpublishing.com\/artear\/3ANW2J2KLBGBZCJP7BXVBKXWDA.jpg\" alt=\"Luis Chocobar en Comodoro Py. (Foto: T\u00e9lam).\"\/><\/figure>\n\n\n\n<p>Los pol\u00edticos r\u00e1pidamente se hizo eco de la decisi\u00f3n de la Justicia y sali\u00f3 a respaldar al polic\u00eda bonaerense de cara al nuevo juicio que deber\u00e1 afrontar. Uno de los primeros fue el ministro de Defensa de la Naci\u00f3n,&nbsp;<strong>Luis Petri.<\/strong><\/p>\n\n\n\n<p><strong>\u201c\u00a1Es una gran noticia la revocaci\u00f3n de la injusta condena a Chocobar!<\/strong>&nbsp;Siempre lo dijimos, \u00a1actu\u00f3 en cumplimiento del deber! Presente en el Congreso en ese momento la \u201cLey Chocobar\u201d para proteger a los que nos protegen. \u00a1Es justicia\u201d, escribi\u00f3 en su cuenta de la red social X (exTwitter).<\/p>\n\n\n\n<p>El presidente del bloque de diputados nacionales del PRO, Cristian Ritondo, tambi\u00e9n se mostr\u00f3 a favor del fallo: \u201c<strong>Chocobar cumpli\u00f3 con su deber y no deb\u00eda estar condenado.<\/strong>&nbsp;Es una gran noticia que la Justicia admita que su defensa no pudo ser ejercida como corresponde. Siempre hay que cuidar a quienes nos cuidan\u201d.<\/p>\n\n\n\n<figure class=\"wp-block-image\"><img decoding=\"async\" src=\"https:\/\/tn.com.ar\/resizer\/8OZ-ksTlB8_3pz-JTD0gME0brrc=\/767x0\/smart\/filters:format(webp)\/cloudfront-us-east-1.images.arcpublishing.com\/artear\/VAHBZ3MET5A6BIPMIP5HIWEC5M.png\" alt=\"El mensaje del ministro de Defensa, Luis Petri, tras el fallo que revoca la condena a Luis Chocobar. (Foto: X\/Luis Petri).\"\/><\/figure>\n\n\n\n<p>Chocobar hab\u00eda sido condenado a\u00a0<strong>dos a\u00f1os de prisi\u00f3n en suspenso y cinco a\u00f1os de inhabilitaci\u00f3n\u00a0<\/strong>en 2021 por haber matado a balazos al delincuente\u00a0<strong>Juan Pablo Kukoc,\u00a0<\/strong>quien atac\u00f3 a pu\u00f1aladas a un turista estadounidense en el barrio porte\u00f1o de La Boca en 2017.<\/p>\n\n\n\n<p>La condena era excarcelable, por lo que el polic\u00eda bonaerense no fue preso. Sin embargo, en aquel momento su abogado hab\u00eda advertido que&nbsp;<strong>\u201cfallaron en contra de las pruebas de la causa\u201d.<\/strong><\/p>\n\n\n\n<p>\u201cPara la seguridad argentina, este fallo es triste\u201d, dijo\u00a0Patricia Bullrich en aquel momento. La actual ministra de Seguridad tambi\u00e9n cumpl\u00eda funciones en ese cargo cuando ocurri\u00f3 el episodio y fue una de las figuras pol\u00edticas que m\u00e1s acompa\u00f1\u00f3 a Chocobar en todo el proceso.\u00a0<strong>\u201cEl polic\u00eda actu\u00f3 en cumplimiento de su deber\u201d,<\/strong>\u00a0remarc\u00f3 el d\u00eda de la condena.<\/p>\n\n\n\n<p>En sus fundamentos, el Tribunal Oral de Menores N\u00b02 consider\u00f3<strong>&nbsp;\u201cinnecesario y desproporcionado\u201d el disparo&nbsp;<\/strong>que provoc\u00f3 la muerte del asaltante, ya que no resultaba \u201cpeligroso para nadie\u201d, y determin\u00f3 que el condenado incumpli\u00f3 \u201cla normativa nacional e internacional\u201d sobre el uso de arma.<\/p>\n\n\n\n<p>El juez Pisano explic\u00f3 que\u00a0<strong>Chocobar estaba de civil<\/strong>\u00a0cuando vio al turista estadounidense Frank Wolek<strong> \u00a0que ped\u00eda auxilio<\/strong>\u00a0tras ser asaltado y apu\u00f1alado por dos delincuentes que le sustrajeron su c\u00e1mara de fotos, uno de los cuales result\u00f3 ser Kukoc, que huy\u00f3 corriendo.<\/p>\n\n\n\n<figure class=\"wp-block-image\"><img decoding=\"async\" src=\"https:\/\/tn.com.ar\/resizer\/siRtctuKL3X9WzgTfFPDS8Iog7c=\/767x0\/smart\/filters:format(webp)\/cloudfront-us-east-1.images.arcpublishing.com\/artear\/IRPHIH7YRNGFXEM4O3XQPZE4QU.jpg\" alt=\"Luis Chocobar y Frank Joseph Wolek, el fot\u00f3grafo estadounidense que fue atacado a pu\u00f1aladas en el barrio porte\u00f1o de La Boca en 2017 (Foto:T\u00e9lam).\"\/><\/figure>\n\n\n\n<p>\u201cResulta evidente para m\u00ed que el comienzo de su accionar estuvo completamente justificado a tenor del marco legal que regula su actividad. Pero en un preciso momento de la persecuci\u00f3n, la&nbsp;<strong>actuaci\u00f3n del polic\u00eda acusado dej\u00f3 de estar justificada<\/strong>&nbsp;para tornarse excesiva en extenso e intenso,&nbsp;<strong>por resultar innecesaria y desproporcionada<\/strong>&nbsp;al leg\u00edtimo fin primigeniamente propuesto\u201d, se\u00f1al\u00f3.<\/p>\n\n\n\n<p>Para el Tribunal&nbsp;<strong>no se trat\u00f3 de un caso de \u201cleg\u00edtima defensa\u201d<\/strong>&nbsp;como aleg\u00f3 la defensa del efectivo en aquel momento, ya que \u201cpoqu\u00edsimos segundos m\u00e1s tarde se apart\u00f3 de la normativa permisiva al herir con su \u00faltima salva a Kukoc cuando ya se encontraba a bastante distancia, sin armas a la vista, ni representar peligro alguno\u201d.<\/p>\n\n\n\n<p>\u201cEn pocas palabras,<strong>&nbsp;Chocobar no debi\u00f3 efectuar ese \u00faltimo disparo que impact\u00f3 a Kukoc&nbsp;<\/strong>en su pierna izquierda cuando se alejaba corriendo sin resultar peligroso para nadie. No puede aceptarse la aprehensi\u00f3n de un sospechoso sacrificando el cumplimiento de la normativa nacional e internacional de aplicaci\u00f3n obligatoria que razonablemente regula el oportuno uso de las armas de dotaci\u00f3n asignadas al personal policial\u201d, sentenci\u00f3.<\/p>\n\n\n\n<p>Por \u00faltimo, el juez asegur\u00f3 que \u201c<strong>Chocobar no tuvo intenci\u00f3n de matar<\/strong>&nbsp;seg\u00fan lo demuestran el comprobado impacto de rebote en la regi\u00f3n lumbar, la herida en la pierna izquierda de Kukoc, y el haber cesado de inmediato sus disparos al verlo caer al suelo\u201d,&nbsp;<strong>por lo que descart\u00f3<\/strong>&nbsp;la hip\u00f3tesis de la querella respecto a que se trat\u00f3 de un \u201c<strong>homicidio agravado<\/strong>&nbsp;cometido en abuso de la funci\u00f3n policial\u201d.<\/p>\n\n\n\n<h2 class=\"wp-block-heading\">C\u00f3mo fue el caso Chocobar<\/h2>\n\n\n\n<p>El 8 de diciembre de 2017, el turista estadounidense&nbsp;<strong>Frank Wolek<\/strong>&nbsp;(60)caminaba por el barrio de La Boca y poco antes de llegar a la calle Caminito fue&nbsp;<strong>sorprendido por dos delincuentes&nbsp;<\/strong>que le robaron su equipo de fotograf\u00eda.<\/p>\n\n\n\n<p>En ese momento, uno de los asaltantes,&nbsp;<strong>Juan Pablo Kukoc, lo apu\u00f1al\u00f3&nbsp;<\/strong>una decena de veces en el pecho y lo dej\u00f3 gravemente herido. Luego, escap\u00f3 del lugar caminando.<\/p>\n\n\n\n<p>A unas pocas cuadras, el joven fue interceptado por dos personas que hab\u00edan visto el ataque y&nbsp;<strong>Chocobar<\/strong>, que en ese momento que era Polic\u00eda Local de Avellaneda,&nbsp;<strong>se identific\u00f3 y le pidi\u00f3 que se detuviera<\/strong>. El joven no lo hizo, intent\u00f3 escapar y el efectivo&nbsp;<strong>dispar\u00f3 y mat\u00f3 a Kukoc<\/strong>&nbsp;de un balazo en la espalda.<\/p>\n\n\n\n<p>Un peritaje realizado por expertos de la Polic\u00eda Federal revel\u00f3 que la bala que dispar\u00f3 el polic\u00eda y mat\u00f3 al ladr\u00f3n\u00a0 primero rebot\u00f3 en el asfalto, lo que para su defensa demuestra que\u00a0<strong>no apunt\u00f3 a matar<\/strong>, sino a las piernas.<\/p>\n","protected":false},"excerpt":{"rendered":"<p>El polic\u00eda hab\u00eda sido condenado a 2 a\u00f1os de prisi\u00f3n en 2021. Ahora habr\u00e1 un nuevo debate oral. La Justicia resolvi\u00f3&nbsp;anular la condena&nbsp;a dos a\u00f1os de prisi\u00f3n&nbsp;contra el polic\u00eda Luis&hellip; <\/p>\n","protected":false},"author":8,"featured_media":145320,"comment_status":"closed","ping_status":"open","sticky":false,"template":"","format":"standard","meta":{"footnotes":""},"categories":[5],"tags":[],"class_list":["post-145319","post","type-post","status-publish","format-standard","has-post-thumbnail","hentry","category-crimen-y-justicia"],"_links":{"self":[{"href":"https:\/\/corrientesdetarde.com\/index.php\/wp-json\/wp\/v2\/posts\/145319","targetHints":{"allow":["GET"]}}],"collection":[{"href":"https:\/\/corrientesdetarde.com\/index.php\/wp-json\/wp\/v2\/posts"}],"about":[{"href":"https:\/\/corrientesdetarde.com\/index.php\/wp-json\/wp\/v2\/types\/post"}],"author":[{"embeddable":true,"href":"https:\/\/corrientesdetarde.com\/index.php\/wp-json\/wp\/v2\/users\/8"}],"replies":[{"embeddable":true,"href":"https:\/\/corrientesdetarde.com\/index.php\/wp-json\/wp\/v2\/comments?post=145319"}],"version-history":[{"count":1,"href":"https:\/\/corrientesdetarde.com\/index.php\/wp-json\/wp\/v2\/posts\/145319\/revisions"}],"predecessor-version":[{"id":145321,"href":"https:\/\/corrientesdetarde.com\/index.php\/wp-json\/wp\/v2\/posts\/145319\/revisions\/145321"}],"wp:featuredmedia":[{"embeddable":true,"href":"https:\/\/corrientesdetarde.com\/index.php\/wp-json\/wp\/v2\/media\/145320"}],"wp:attachment":[{"href":"https:\/\/corrientesdetarde.com\/index.php\/wp-json\/wp\/v2\/media?parent=145319"}],"wp:term":[{"taxonomy":"category","embeddable":true,"href":"https:\/\/corrientesdetarde.com\/index.php\/wp-json\/wp\/v2\/categories?post=145319"},{"taxonomy":"post_tag","embeddable":true,"href":"https:\/\/corrientesdetarde.com\/index.php\/wp-json\/wp\/v2\/tags?post=145319"}],"curies":[{"name":"wp","href":"https:\/\/api.w.org\/{rel}","templated":true}]}}