{"id":145374,"date":"2024-05-06T20:26:35","date_gmt":"2024-05-06T23:26:35","guid":{"rendered":"https:\/\/corrientesdetarde.com\/?p=145374"},"modified":"2024-05-06T20:40:09","modified_gmt":"2024-05-06T23:40:09","slug":"polemica-politica-ventas-moderadas-y-los-clasicos-de-siempre-asi-se-lleva-a-cabo-la-feria-del-libro-de-buenos-aires","status":"publish","type":"post","link":"https:\/\/corrientesdetarde.com\/index.php\/cultura\/polemica-politica-ventas-moderadas-y-los-clasicos-de-siempre-asi-se-lleva-a-cabo-la-feria-del-libro-de-buenos-aires\/","title":{"rendered":"POL\u00c9MICA POL\u00cdTICA, VENTAS MODERADAS Y LOS CL\u00c1SICOS DE SIEMPRE: AS\u00cd SE LLEVA A CABO LA FERIA DEL LIBRO DE BUENOS AIRES"},"content":{"rendered":"\n<p>(Por Bel\u00e9n Papa Orfano Especial CDT) &#8211; No hay oto\u00f1o en la Ciudad de Buenos Aires sin Feria del Libro en el predio de la Sociedad Rural, en el barrio de Palermo. Pese a que la Naci\u00f3n retir\u00f3 el fuerte apoyo econ\u00f3mico que brinda a la Fundaci\u00f3n El Libro, encargada de organizar el evento, la feria se lleva a cabo como desde hace ya 48 a\u00f1os &#8211; dos interrumpidos por la pandemia- aunque los habitu\u00e9s coinciden en que este a\u00f1o es todo distinto: ventas moderadas, visitantes que eval\u00faan detenidamente cada gasto, entradas que por primera vez parecen estar fuera del alcance de los bolsillos y una pelea entre la organizaci\u00f3n y el Presidente Javier Milei que parece no tener fin.<\/p>\n\n\n\n<p>La Feria del Libro de Buenos Aires de 2024 comenz\u00f3 el pasado 25 de abril con una fuerte pol\u00e9mica: el presidente de la Fundaci\u00f3n del Libro, Alejandro Vaccaro, atac\u00f3 sin eufemismos al Gobierno y, en particular, a Javier Milei, por retirar el apoyo econ\u00f3mico de Naci\u00f3n al encuentro m\u00e1s importante de la industria. Ins\u00f3litamente, la secretaria de Presidencia y hermana presidencial, Karina Milei, negociaba con la Sociedad Rural para que les presten la pista central del lugar para la presentaci\u00f3n del nuevo libro del Jefe de Estado titulado &#8220;Capitalismo, socialismo y la trampa neocl\u00e1sica&#8221;. La organizaci\u00f3n se hab\u00eda corrido de la conversaci\u00f3n alegando que ellos solo hab\u00edan alquilado los pabellones para la feria.<\/p>\n\n\n\n<p><a>Finalmente, Milei defini\u00f3 que la Feria del Libro no era el \u00e1mbito propicio para presentar su \u00faltimo libro, temeroso de encontrar un p\u00fablico hostil luego de la fuerte reacci\u00f3n de la organizaci\u00f3n a la quita de apoyo, y mud\u00f3 la presentaci\u00f3n al Luna Park para el pr\u00f3ximo 22 de mayo.<\/a> <\/p>\n\n\n\n<figure class=\"wp-block-image size-large\"><img loading=\"lazy\" decoding=\"async\" width=\"1024\" height=\"683\" src=\"https:\/\/corrientesdetarde.com\/wp-content\/uploads\/2024\/05\/WhatsApp-Image-2024-05-06-at-16.15.32-1-1024x683.jpeg\" alt=\"\" class=\"wp-image-145382\" srcset=\"https:\/\/corrientesdetarde.com\/wp-content\/uploads\/2024\/05\/WhatsApp-Image-2024-05-06-at-16.15.32-1-1024x683.jpeg 1024w, https:\/\/corrientesdetarde.com\/wp-content\/uploads\/2024\/05\/WhatsApp-Image-2024-05-06-at-16.15.32-1-300x200.jpeg 300w, https:\/\/corrientesdetarde.com\/wp-content\/uploads\/2024\/05\/WhatsApp-Image-2024-05-06-at-16.15.32-1-768x512.jpeg 768w, https:\/\/corrientesdetarde.com\/wp-content\/uploads\/2024\/05\/WhatsApp-Image-2024-05-06-at-16.15.32-1-1536x1024.jpeg 1536w, https:\/\/corrientesdetarde.com\/wp-content\/uploads\/2024\/05\/WhatsApp-Image-2024-05-06-at-16.15.32-1.jpeg 1600w\" sizes=\"auto, (max-width: 1024px) 100vw, 1024px\" \/><\/figure>\n\n\n\n<p>Sin embargo, en los \u00faltimos d\u00edas corri\u00f3 fuerte el rumor en la feria de que de todos modos Milei podr\u00eda hacer una visita, como un ciudadano com\u00fan.<\/p>\n\n\n\n<p>El Presidente podr\u00eda aparecer antes del cierre el 13 de mayo para acompa\u00f1ar a Nicol\u00e1s M\u00e1rquez y Marcelo Ducl\u00f3s en la presentaci\u00f3n del \u00faltimo libro de \u00e9stos, \u201cJavier Milei, la revoluci\u00f3n que no vieron venir\u201d, editado por Hojas del Sur. El evento est\u00e1 agendado para el pr\u00f3ximo jueves 8 de mayo a las 20.30 y hay quienes aseguran que podr\u00eda hacer una aparici\u00f3n en el stand de la editorial el propio mandatario.<\/p>\n\n\n\n<p>M\u00e1s all\u00e1 de la pol\u00edtica, la feria contin\u00faa su marcha. La primera semana coincidi\u00f3 con los \u00faltimos d\u00edas de abril y si bien los organizadores no brindan cifras hasta el final del evento, editoriales, periodistas y vendedores coincid\u00edan que las ventas eran bajas. Varios factores explicaban esta apreciaci\u00f3n: bolsillos a fin de mes, pocas promociones bancarias, libros con precios que pueden superar los $30.000, un precio de entrada que para muchos puede representar un desembolso importante desde el arranque ($3.500 de lunes a jueves y $5.000 viernes y fines de semana).<\/p>\n\n\n\n<p>Hacia el segundo fin de semana, ya con visitantes que hab\u00edan cobrado sus sueldos y empujados por una grilla de presentaciones de primer nivel, la feria se llen\u00f3 de gente. El viernes 3 de mayo era el d\u00eda asignado para que los representantes de las bibliotecas populares compren material bibliogr\u00e1fico con 50% de descuento y fondos aportados por la Comisi\u00f3n Nacional de Bibliotecas Populares. Los carritos con cajas auspiciadas por el organismo, los bibliotecarios con sus listas de compras y las colas para ingresar a los stands de las grandes editoriales fueron parte de la postal que arroj\u00f3 la feria ese d\u00eda, previo al fin de semana.<\/p>\n\n\n\n<p>El segundo fin de semana, finalmente los pasillos de la Rural se poblaron como en las viejas \u00e9pocas. Visitantes con sueldos reci\u00e9n cobrados, tanques literarios como Mariana Enr\u00edquez, Florencia Bonelli, el \u00e9xito de la literatura juvenil Victoria Resco, la estadounidense Shelby Mahurin, la periodista y escritora Cristina P\u00e9rez, su par Laura Di Marco y el bi\u00f3grafo no autorizado de Milei, Juan Gonz\u00e1lez, fueron algunos de los autores que conversaron con el p\u00fablico y firmaron ejemplares. Los nombres atraen fans y p\u00fablico que pagan entrada y, quiz\u00e1s, hasta se compran el libro y lo hacen autografiar por su escritor favorito.<\/p>\n\n\n\n<p><strong>Por d\u00e9cimo a\u00f1o consecutivo, Corrientes est\u00e1 presente con stand propio<\/strong><\/p>\n\n\n\n<p>El pabell\u00f3n ocre recibe a todos los visitantes de la feria, un espacio destinado para los stands de las instituciones y las provincias que aprovechan la ocasi\u00f3n para brindar a los porte\u00f1os un pantallazo cultural de cada lugar.<\/p>\n\n\n\n<p>Por d\u00e9cimo a\u00f1o consecutivo Corrientes dice presente con un stand propio, en ubicaci\u00f3n privilegiada, y con un dise\u00f1o innovador que llama la atenci\u00f3n casi de forma inevitable a todos los visitantes. Colgados desde el cielo, formando paredes, se despliega una red conformada por hojas blancas con fragmentos de cuentos y poemas de autores correntinos cuyas obras ya no se pueden conseguir en formato f\u00edsico. Los hilos de hojas pendulan y giran con las r\u00e1fagas de viento que llegan desde el exterior formando cortinas que recuerdan la flora provincial.<\/p>\n\n\n\n<p>El stand exhibe 300 t\u00edtulos de 200 autores correntinos o con tem\u00e1tica local. Se programaron a lo largo de toda la feria 40 actividades entre presentaci\u00f3n de obras, intervenciones musicales y presencia de autoridades.<\/p>\n\n\n\n<figure class=\"wp-block-image size-large\"><img loading=\"lazy\" decoding=\"async\" width=\"1024\" height=\"576\" src=\"https:\/\/corrientesdetarde.com\/wp-content\/uploads\/2024\/05\/WhatsApp-Image-2024-05-06-at-16.08.30-1024x576.jpeg\" alt=\"\" class=\"wp-image-145379\" srcset=\"https:\/\/corrientesdetarde.com\/wp-content\/uploads\/2024\/05\/WhatsApp-Image-2024-05-06-at-16.08.30-1024x576.jpeg 1024w, https:\/\/corrientesdetarde.com\/wp-content\/uploads\/2024\/05\/WhatsApp-Image-2024-05-06-at-16.08.30-300x169.jpeg 300w, https:\/\/corrientesdetarde.com\/wp-content\/uploads\/2024\/05\/WhatsApp-Image-2024-05-06-at-16.08.30-768x432.jpeg 768w, https:\/\/corrientesdetarde.com\/wp-content\/uploads\/2024\/05\/WhatsApp-Image-2024-05-06-at-16.08.30-1536x864.jpeg 1536w, https:\/\/corrientesdetarde.com\/wp-content\/uploads\/2024\/05\/WhatsApp-Image-2024-05-06-at-16.08.30.jpeg 1600w\" sizes=\"auto, (max-width: 1024px) 100vw, 1024px\" \/><\/figure>\n\n\n\n<p>El 2 de mayo se celebr\u00f3 el D\u00eda de Corrientes en la Feria del Libro con un homenaje al poeta Juli\u00e1n Zini que incluy\u00f3 lectura de su obra y un cierre a puro chamam\u00e9. En agenda, en tanto, se destaca la pr\u00f3xima presentaci\u00f3n de la 6ta Feria del Libro de Goya el viernes 10 de mayo con la participaci\u00f3n del intendente de la ciudad, Mariano Hormaechea.<\/p>\n","protected":false},"excerpt":{"rendered":"<p>(Por Bel\u00e9n Papa Orfano Especial CDT) &#8211; No hay oto\u00f1o en la Ciudad de Buenos Aires sin Feria del Libro en el predio de la Sociedad Rural, en el barrio&hellip; <\/p>\n","protected":false},"author":11,"featured_media":145377,"comment_status":"closed","ping_status":"open","sticky":false,"template":"","format":"standard","meta":{"footnotes":""},"categories":[23,15,1208],"tags":[1960,296],"class_list":["post-145374","post","type-post","status-publish","format-standard","has-post-thumbnail","hentry","category-actualidad","category-cultura","category-eventossociedad","tag-feria","tag-libro"],"_links":{"self":[{"href":"https:\/\/corrientesdetarde.com\/index.php\/wp-json\/wp\/v2\/posts\/145374","targetHints":{"allow":["GET"]}}],"collection":[{"href":"https:\/\/corrientesdetarde.com\/index.php\/wp-json\/wp\/v2\/posts"}],"about":[{"href":"https:\/\/corrientesdetarde.com\/index.php\/wp-json\/wp\/v2\/types\/post"}],"author":[{"embeddable":true,"href":"https:\/\/corrientesdetarde.com\/index.php\/wp-json\/wp\/v2\/users\/11"}],"replies":[{"embeddable":true,"href":"https:\/\/corrientesdetarde.com\/index.php\/wp-json\/wp\/v2\/comments?post=145374"}],"version-history":[{"count":3,"href":"https:\/\/corrientesdetarde.com\/index.php\/wp-json\/wp\/v2\/posts\/145374\/revisions"}],"predecessor-version":[{"id":145400,"href":"https:\/\/corrientesdetarde.com\/index.php\/wp-json\/wp\/v2\/posts\/145374\/revisions\/145400"}],"wp:featuredmedia":[{"embeddable":true,"href":"https:\/\/corrientesdetarde.com\/index.php\/wp-json\/wp\/v2\/media\/145377"}],"wp:attachment":[{"href":"https:\/\/corrientesdetarde.com\/index.php\/wp-json\/wp\/v2\/media?parent=145374"}],"wp:term":[{"taxonomy":"category","embeddable":true,"href":"https:\/\/corrientesdetarde.com\/index.php\/wp-json\/wp\/v2\/categories?post=145374"},{"taxonomy":"post_tag","embeddable":true,"href":"https:\/\/corrientesdetarde.com\/index.php\/wp-json\/wp\/v2\/tags?post=145374"}],"curies":[{"name":"wp","href":"https:\/\/api.w.org\/{rel}","templated":true}]}}