{"id":146008,"date":"2024-05-08T16:46:28","date_gmt":"2024-05-08T19:46:28","guid":{"rendered":"https:\/\/corrientesdetarde.com\/?p=146008"},"modified":"2024-05-08T16:46:41","modified_gmt":"2024-05-08T19:46:41","slug":"la-reaccion-viral-de-lali-esposito-cuando-vio-que-a-su-novio-le-estaban-haciendo-bullying","status":"publish","type":"post","link":"https:\/\/corrientesdetarde.com\/index.php\/espectaculos\/la-reaccion-viral-de-lali-esposito-cuando-vio-que-a-su-novio-le-estaban-haciendo-bullying\/","title":{"rendered":"La reacci\u00f3n viral de Lali Esp\u00f3sito cuando vio que a su novio le estaban haciendo bullying"},"content":{"rendered":"\n<p>La cantante aprovech\u00f3 que el ciclo que conduce su novio iba al aire y valor\u00f3 sus habilidades en la cocina y en la intimidad.<\/p>\n\n\n\n<p>Pedro Rosemblat\u00a0enfrent\u00f3 los rumores de crisis con\u00a0Lali Esp\u00f3sito\u00a0de una forma muy particular, m\u00e1s all\u00e1 de los desmentidos a trav\u00e9s de las redes sociales y algunas entrevistas.\u00a0Este mi\u00e9rcoles, el periodista dej\u00f3 ver c\u00f3mo va su relaci\u00f3n con la cantante con un imperdible momento,\u00a0mientras conduc\u00eda el programa streaming\u00a0Industria nacional (Gelatina)\u00a0junto a sus compa\u00f1eros Marcos Aramburu, L\u00eda Copello y Mat\u00edas Mowszet.<\/p>\n\n\n\n<p>En medio de la din\u00e1mica, el novio de la int\u00e9rprete contaba que a la hora de cocinar recetas con pollo, usa las conocidas&nbsp;<strong>bolsitas para horno con hierbas y especias<\/strong>, por temas de mera practicidad. El dato gener\u00f3 risas en el set y algunos chistes por parte de sus compa\u00f1eros. Lo que ninguno imagin\u00f3 es que en medio de la divertida situaci\u00f3n,<strong>&nbsp;la mism\u00edsima Lali iba a enviar varios audios para defender las habilidades culinarias de su pareja y otras cualidades aprovechando la ocasi\u00f3n.<\/strong><\/p>\n\n\n\n<figure class=\"wp-block-image\"><img decoding=\"async\" src=\"https:\/\/tn.com.ar\/resizer\/4yfCZO94zMFFqql_cau2F4jHNJc=\/767x0\/smart\/filters:format(webp)\/thumbs.vodgc.net\/1-14-py5PzK1715192887401-1715193283.jpg\" alt=\"Video Placeholder\"\/><\/figure>\n\n\n\n<p>En la nota de voz v\u00eda WhatsApp se le escucha a Esp\u00f3sito decirle a Pepe:&nbsp;<strong>\u201cMi amor, vos no necesit\u00e1s validaci\u00f3n de ning\u00fan compa\u00f1ero. Lo rico que yo como es lo que importa. Cocin\u00e1s b\u00e1rbaro\u201d.<\/strong><\/p>\n\n\n\n<p>Pero el remate de Lali vino luego con un segundo audio que lleg\u00f3 inmediatamente despu\u00e9s:&nbsp;<strong>\u201cYo me lo com\u00ed todo mi amor, estuvo incre\u00edble&#8230; y el pollo en la bolsa tambi\u00e9n<\/strong>\u201d.<\/p>\n\n\n\n<h2 class=\"wp-block-heading\">Pedro Rosemblat se tom\u00f3 con humor los rumores de separaci\u00f3n con Lali: \u201cCada uno empez\u00f3 a hacer averiguaciones\u201d<\/h2>\n\n\n\n<p><strong>La versi\u00f3n de que\u00a0Lali Esp\u00f3sito\u00a0y\u00a0Pedro Rosemblat\u00a0 est\u00e1n separados empez\u00f3 a cobrar fuerza porque dejaron de mostrarse juntos en las redes sociales.\u00a0<\/strong>El rumor fue desactivado r\u00e1pidamente por la cantante, quien subi\u00f3 a sus redes una foto de su pareja. Y este lunes,\u00a0<strong>el streamer tambi\u00e9n rompi\u00f3 el silencio.<\/strong><\/p>\n\n\n\n<p>En di\u00e1logo con un cronista de&nbsp;<em>Poco Correctos (eltrece)<\/em>, el conductor de&nbsp;<em>Gelatina&nbsp;<\/em>reconoci\u00f3 que no se esperaba los trascendidos de una ruptura amorosa. \u201cLa verdad es que me sorprendi\u00f3, no s\u00e9 muy bien de d\u00f3nde salieron (los rumores). Creo que fue<strong>&nbsp;el viernes, que amanecimos juntos y est\u00e1bamos tomando unos mates, nos enteramos de que est\u00e1bamos separados<\/strong>\u201d, brome\u00f3.<\/p>\n\n\n\n<figure class=\"wp-block-image\"><img decoding=\"async\" src=\"https:\/\/tn.com.ar\/resizer\/Off0h8Os-oU3DTWlS_npX3Vpe7s=\/767x0\/smart\/filters:format(webp)\/cloudfront-us-east-1.images.arcpublishing.com\/artear\/MKBTYYHR4ZDT3BS23I4PNRT6KQ.jpg\" alt=\"Lali Esp\u00f3sito y Pedro Rosemblat.\"\/><figcaption class=\"wp-element-caption\">Lali Esp\u00f3sito y Pedro Rosemblat.<\/figcaption><\/figure>\n\n\n\n<p>Luego, sigui\u00f3 tom\u00e1ndose con humor la situaci\u00f3n y agreg\u00f3: \u201cEntonces bueno,<strong>&nbsp;cada uno por su lado empez\u00f3 a hacer sus averiguaciones, ella llam\u00f3 a algunas amigas<\/strong>, yo tambi\u00e9n. Le preguntamos: \u2018\u00bfQu\u00e9 pas\u00f3? \u00bfAlguien sabe algo?\u2019. Nadie sab\u00eda nada, en Olga dijeron que est\u00e1bamos separados, rar\u00edsimo\u201d.<\/p>\n\n\n\n<p>Por otra parte, \u201cPepe\u201d cont\u00f3 que particip\u00f3 de la colecta que propuso<strong> Santi Maratea en la que convoc\u00f3 a referentes del kirchnerismo y tambi\u00e9n a libertarios a sumarse por una causa ben\u00e9fica<\/strong>.<\/p>\n\n\n\n<p>\u201cNo sab\u00eda que la hab\u00eda etiquetado a Cristina (Kirchner), vi la historia porque fui etiquetado.&nbsp;<strong>Particip\u00e9 de la colecta como he participado de otras colectas de Maratea<\/strong>\u201d, revel\u00f3 quien se define a s\u00ed mismo como militante peronista.<\/p>\n","protected":false},"excerpt":{"rendered":"<p>La cantante aprovech\u00f3 que el ciclo que conduce su novio iba al aire y valor\u00f3 sus habilidades en la cocina y en la intimidad. Pedro Rosemblat\u00a0enfrent\u00f3 los rumores de crisis&hellip; <\/p>\n","protected":false},"author":8,"featured_media":146009,"comment_status":"closed","ping_status":"open","sticky":false,"template":"","format":"standard","meta":{"footnotes":""},"categories":[19],"tags":[],"class_list":["post-146008","post","type-post","status-publish","format-standard","has-post-thumbnail","hentry","category-espectaculos"],"_links":{"self":[{"href":"https:\/\/corrientesdetarde.com\/index.php\/wp-json\/wp\/v2\/posts\/146008","targetHints":{"allow":["GET"]}}],"collection":[{"href":"https:\/\/corrientesdetarde.com\/index.php\/wp-json\/wp\/v2\/posts"}],"about":[{"href":"https:\/\/corrientesdetarde.com\/index.php\/wp-json\/wp\/v2\/types\/post"}],"author":[{"embeddable":true,"href":"https:\/\/corrientesdetarde.com\/index.php\/wp-json\/wp\/v2\/users\/8"}],"replies":[{"embeddable":true,"href":"https:\/\/corrientesdetarde.com\/index.php\/wp-json\/wp\/v2\/comments?post=146008"}],"version-history":[{"count":1,"href":"https:\/\/corrientesdetarde.com\/index.php\/wp-json\/wp\/v2\/posts\/146008\/revisions"}],"predecessor-version":[{"id":146011,"href":"https:\/\/corrientesdetarde.com\/index.php\/wp-json\/wp\/v2\/posts\/146008\/revisions\/146011"}],"wp:featuredmedia":[{"embeddable":true,"href":"https:\/\/corrientesdetarde.com\/index.php\/wp-json\/wp\/v2\/media\/146009"}],"wp:attachment":[{"href":"https:\/\/corrientesdetarde.com\/index.php\/wp-json\/wp\/v2\/media?parent=146008"}],"wp:term":[{"taxonomy":"category","embeddable":true,"href":"https:\/\/corrientesdetarde.com\/index.php\/wp-json\/wp\/v2\/categories?post=146008"},{"taxonomy":"post_tag","embeddable":true,"href":"https:\/\/corrientesdetarde.com\/index.php\/wp-json\/wp\/v2\/tags?post=146008"}],"curies":[{"name":"wp","href":"https:\/\/api.w.org\/{rel}","templated":true}]}}