{"id":146010,"date":"2024-05-08T16:54:28","date_gmt":"2024-05-08T19:54:28","guid":{"rendered":"https:\/\/corrientesdetarde.com\/?p=146010"},"modified":"2024-05-08T16:54:33","modified_gmt":"2024-05-08T19:54:33","slug":"en-la-previa-al-paro-el-gobierno-volvio-a-criticar-a-la-cgt-por-no-haber-hecho-ninguna-medida-de-fuerza-contra-la-gestion-anterior","status":"publish","type":"post","link":"https:\/\/corrientesdetarde.com\/index.php\/politica\/en-la-previa-al-paro-el-gobierno-volvio-a-criticar-a-la-cgt-por-no-haber-hecho-ninguna-medida-de-fuerza-contra-la-gestion-anterior\/","title":{"rendered":"En la previa al paro, el Gobierno volvi\u00f3 a criticar a la CGT por no haber hecho ninguna medida de fuerza contra la gesti\u00f3n anterior"},"content":{"rendered":"\n<p><strong>Por Juan Pablo Peralta desde Casa Rosada<\/strong><\/p>\n\n\n\n<p>El presidente Javier Milei encabezar\u00e1 un acto por el D\u00eda del Holocausto en el ex CCK, pronto a llamarse por decreto, Palacio Libertad. Por su parte, Manuel Adorni advirti\u00f3 que debido a la medida de fuerza de la CGT -este jueves- m\u00e1s de 6 millones de personas no podr\u00e1n movilizarse. El vocero tambi\u00e9n cuestion\u00f3 a la CGT, y a otros gremios, por no haber realizado ninguna medida de fuerza contra la administraci\u00f3n del Frente de Todos encabezada por Alberto Fern\u00e1ndez, Cristina kirchner y Sergio Massa, pese a los n\u00fameros negativos de su gesti\u00f3n. El funcionario anunci\u00f3 que est\u00e1 abierta la l\u00ednea 134 para hacer denuncias si alguien siente que est\u00e1 siendo extorsionado para que adhiera a cese de actividades.<\/p>\n\n\n\n<figure class=\"wp-block-embed is-type-video is-provider-youtube wp-block-embed-youtube wp-embed-aspect-16-9 wp-has-aspect-ratio\"><div class=\"wp-block-embed__wrapper\">\n<iframe loading=\"lazy\" title=\"En la previa al paro, el Gobierno volvi\u00f3 a criticar a la CGT por no tomar esas medidas con Alberto F\" width=\"1110\" height=\"624\" src=\"https:\/\/www.youtube.com\/embed\/lG0TjVwIMm8?feature=oembed\" frameborder=\"0\" allow=\"accelerometer; autoplay; clipboard-write; encrypted-media; gyroscope; picture-in-picture; web-share\" referrerpolicy=\"strict-origin-when-cross-origin\" allowfullscreen><\/iframe>\n<\/div><\/figure>\n\n\n\n<p>El portavoz evit\u00f3 hablar sobre las declaraciones del vicejefe de Gabinete, Jos\u00e9 Rolandi, en las que manifest\u00f3 que habr\u00eda puntos del paquete fiscal y la Ley Bases que podr\u00edan volver a la C\u00e1mara baja. Esto en medio del tratamiento de las normativas en Comisiones del Senado, que tambi\u00e9n se ver\u00e1n afectadas ma\u00f1ana por la huelga general que sumar\u00e1 a los medios de transporte de todo el pa\u00eds, salvo a algunas empresas que intimaron a sus trabajadores para que cubran servicios bas\u00e1ndose en la esencialidad que plantea el DNU de desregulaci\u00f3n de la econom\u00eda que sigue vigente y sin ser votado en Diputados.<\/p>\n","protected":false},"excerpt":{"rendered":"<p>Por Juan Pablo Peralta desde Casa Rosada El presidente Javier Milei encabezar\u00e1 un acto por el D\u00eda del Holocausto en el ex CCK, pronto a llamarse por decreto, Palacio Libertad.&hellip; <\/p>\n","protected":false},"author":11,"featured_media":146023,"comment_status":"closed","ping_status":"open","sticky":false,"template":"","format":"standard","meta":{"footnotes":""},"categories":[10,3],"tags":[1056,284,1974,1481,1975,336,1976],"class_list":["post-146010","post","type-post","status-publish","format-standard","has-post-thumbnail","hentry","category-nacionales","category-politica","tag-alberto-fernandez","tag-cgt","tag-denuncias-de-extorsion","tag-ley-bases","tag-linea-134","tag-milei","tag-paro-general"],"_links":{"self":[{"href":"https:\/\/corrientesdetarde.com\/index.php\/wp-json\/wp\/v2\/posts\/146010","targetHints":{"allow":["GET"]}}],"collection":[{"href":"https:\/\/corrientesdetarde.com\/index.php\/wp-json\/wp\/v2\/posts"}],"about":[{"href":"https:\/\/corrientesdetarde.com\/index.php\/wp-json\/wp\/v2\/types\/post"}],"author":[{"embeddable":true,"href":"https:\/\/corrientesdetarde.com\/index.php\/wp-json\/wp\/v2\/users\/11"}],"replies":[{"embeddable":true,"href":"https:\/\/corrientesdetarde.com\/index.php\/wp-json\/wp\/v2\/comments?post=146010"}],"version-history":[{"count":2,"href":"https:\/\/corrientesdetarde.com\/index.php\/wp-json\/wp\/v2\/posts\/146010\/revisions"}],"predecessor-version":[{"id":146026,"href":"https:\/\/corrientesdetarde.com\/index.php\/wp-json\/wp\/v2\/posts\/146010\/revisions\/146026"}],"wp:featuredmedia":[{"embeddable":true,"href":"https:\/\/corrientesdetarde.com\/index.php\/wp-json\/wp\/v2\/media\/146023"}],"wp:attachment":[{"href":"https:\/\/corrientesdetarde.com\/index.php\/wp-json\/wp\/v2\/media?parent=146010"}],"wp:term":[{"taxonomy":"category","embeddable":true,"href":"https:\/\/corrientesdetarde.com\/index.php\/wp-json\/wp\/v2\/categories?post=146010"},{"taxonomy":"post_tag","embeddable":true,"href":"https:\/\/corrientesdetarde.com\/index.php\/wp-json\/wp\/v2\/tags?post=146010"}],"curies":[{"name":"wp","href":"https:\/\/api.w.org\/{rel}","templated":true}]}}