{"id":146015,"date":"2024-05-08T16:50:50","date_gmt":"2024-05-08T19:50:50","guid":{"rendered":"https:\/\/corrientesdetarde.com\/?p=146015"},"modified":"2024-05-08T16:51:03","modified_gmt":"2024-05-08T19:51:03","slug":"corrientes-quedo-a-cargo-de-la-secretaria-ejecutiva-del-consejo-federal-de-seguridad-vial","status":"publish","type":"post","link":"https:\/\/corrientesdetarde.com\/index.php\/informacion-general\/corrientes-quedo-a-cargo-de-la-secretaria-ejecutiva-del-consejo-federal-de-seguridad-vial\/","title":{"rendered":"Corrientes qued\u00f3 a cargo de la Secretar\u00eda Ejecutiva del Consejo Federal de Seguridad Vial"},"content":{"rendered":"\n<p>En la Asamblea N\u00b0 XCVII del Consejo Federal de Seguridad Vial, celebrada en BuenosAires, se eligi\u00f3 este mi\u00e9rcoles al subsecretario de Seguridad Vial del Ministerio de Seguridad de Corrientes Dr. Juan Manuel Saloj para la Secretar\u00eda Ejecutiva del Consejo Federal de Seguridad Vial.&nbsp;<\/p>\n\n\n\n<p>Este logro, que ocurre despu\u00e9s de 16 a\u00f1os, permitir\u00e1 a Corrientes trabajar con mayor fluidez y cooperar en materia de seguridad vial para la conformaci\u00f3n de una agenda de trabajo federal, gesti\u00f3n de recursos para las provincias e implementaci\u00f3n de pol\u00edticas de prevenci\u00f3n.<\/p>\n\n\n\n<p>Adem\u00e1s de Saloj, el equipo que represent\u00f3 a nuestra provincia estuvo integrado por Leandro Mazzaro, coordinador del Observatorio Provincial de Seguridad Vial, y el titular de la Direcci\u00f3n de Seguridad Vial de la Polic\u00eda de Corrientes,&nbsp;Hern\u00e1n Dar\u00edo Garc\u00eda.<\/p>\n\n\n\n<figure class=\"wp-block-image size-large\"><img loading=\"lazy\" decoding=\"async\" width=\"1024\" height=\"537\" src=\"https:\/\/corrientesdetarde.com\/wp-content\/uploads\/2024\/05\/image-141-1024x537.png\" alt=\"\" class=\"wp-image-146016\" srcset=\"https:\/\/corrientesdetarde.com\/wp-content\/uploads\/2024\/05\/image-141-1024x537.png 1024w, https:\/\/corrientesdetarde.com\/wp-content\/uploads\/2024\/05\/image-141-300x157.png 300w, https:\/\/corrientesdetarde.com\/wp-content\/uploads\/2024\/05\/image-141-768x402.png 768w, https:\/\/corrientesdetarde.com\/wp-content\/uploads\/2024\/05\/image-141.png 1080w\" sizes=\"auto, (max-width: 1024px) 100vw, 1024px\" \/><\/figure>\n\n\n\n<figure class=\"wp-block-image size-large\"><img loading=\"lazy\" decoding=\"async\" width=\"1024\" height=\"537\" src=\"https:\/\/corrientesdetarde.com\/wp-content\/uploads\/2024\/05\/image-143-1024x537.png\" alt=\"\" class=\"wp-image-146018\" srcset=\"https:\/\/corrientesdetarde.com\/wp-content\/uploads\/2024\/05\/image-143-1024x537.png 1024w, https:\/\/corrientesdetarde.com\/wp-content\/uploads\/2024\/05\/image-143-300x157.png 300w, https:\/\/corrientesdetarde.com\/wp-content\/uploads\/2024\/05\/image-143-768x402.png 768w, https:\/\/corrientesdetarde.com\/wp-content\/uploads\/2024\/05\/image-143.png 1080w\" sizes=\"auto, (max-width: 1024px) 100vw, 1024px\" \/><\/figure>\n\n\n\n<figure class=\"wp-block-image size-large\"><img loading=\"lazy\" decoding=\"async\" width=\"1024\" height=\"537\" src=\"https:\/\/corrientesdetarde.com\/wp-content\/uploads\/2024\/05\/image-145-1024x537.png\" alt=\"\" class=\"wp-image-146020\" srcset=\"https:\/\/corrientesdetarde.com\/wp-content\/uploads\/2024\/05\/image-145-1024x537.png 1024w, https:\/\/corrientesdetarde.com\/wp-content\/uploads\/2024\/05\/image-145-300x157.png 300w, https:\/\/corrientesdetarde.com\/wp-content\/uploads\/2024\/05\/image-145-768x402.png 768w, https:\/\/corrientesdetarde.com\/wp-content\/uploads\/2024\/05\/image-145.png 1080w\" sizes=\"auto, (max-width: 1024px) 100vw, 1024px\" \/><\/figure>\n","protected":false},"excerpt":{"rendered":"<p>En la Asamblea N\u00b0 XCVII del Consejo Federal de Seguridad Vial, celebrada en BuenosAires, se eligi\u00f3 este mi\u00e9rcoles al subsecretario de Seguridad Vial del Ministerio de Seguridad de Corrientes Dr.&hellip; <\/p>\n","protected":false},"author":8,"featured_media":146017,"comment_status":"closed","ping_status":"open","sticky":false,"template":"","format":"standard","meta":{"footnotes":""},"categories":[1],"tags":[],"class_list":["post-146015","post","type-post","status-publish","format-standard","has-post-thumbnail","hentry","category-informacion-general"],"_links":{"self":[{"href":"https:\/\/corrientesdetarde.com\/index.php\/wp-json\/wp\/v2\/posts\/146015","targetHints":{"allow":["GET"]}}],"collection":[{"href":"https:\/\/corrientesdetarde.com\/index.php\/wp-json\/wp\/v2\/posts"}],"about":[{"href":"https:\/\/corrientesdetarde.com\/index.php\/wp-json\/wp\/v2\/types\/post"}],"author":[{"embeddable":true,"href":"https:\/\/corrientesdetarde.com\/index.php\/wp-json\/wp\/v2\/users\/8"}],"replies":[{"embeddable":true,"href":"https:\/\/corrientesdetarde.com\/index.php\/wp-json\/wp\/v2\/comments?post=146015"}],"version-history":[{"count":1,"href":"https:\/\/corrientesdetarde.com\/index.php\/wp-json\/wp\/v2\/posts\/146015\/revisions"}],"predecessor-version":[{"id":146021,"href":"https:\/\/corrientesdetarde.com\/index.php\/wp-json\/wp\/v2\/posts\/146015\/revisions\/146021"}],"wp:featuredmedia":[{"embeddable":true,"href":"https:\/\/corrientesdetarde.com\/index.php\/wp-json\/wp\/v2\/media\/146017"}],"wp:attachment":[{"href":"https:\/\/corrientesdetarde.com\/index.php\/wp-json\/wp\/v2\/media?parent=146015"}],"wp:term":[{"taxonomy":"category","embeddable":true,"href":"https:\/\/corrientesdetarde.com\/index.php\/wp-json\/wp\/v2\/categories?post=146015"},{"taxonomy":"post_tag","embeddable":true,"href":"https:\/\/corrientesdetarde.com\/index.php\/wp-json\/wp\/v2\/tags?post=146015"}],"curies":[{"name":"wp","href":"https:\/\/api.w.org\/{rel}","templated":true}]}}