{"id":146022,"date":"2024-05-08T16:56:13","date_gmt":"2024-05-08T19:56:13","guid":{"rendered":"https:\/\/corrientesdetarde.com\/?p=146022"},"modified":"2024-05-08T16:56:17","modified_gmt":"2024-05-08T19:56:17","slug":"como-cambiaste-pelado-la-frase-que-todos-piensan-y-que-le-dijeron-a-esteban-trebucq","status":"publish","type":"post","link":"https:\/\/corrientesdetarde.com\/index.php\/sociales\/como-cambiaste-pelado-la-frase-que-todos-piensan-y-que-le-dijeron-a-esteban-trebucq\/","title":{"rendered":"&#8220;C\u00f3mo cambiaste Pelado&#8221;, la frase que todos piensan y que le dijeron a Esteban Trebucq"},"content":{"rendered":"\n<p>En una entrevista con Eduardo Belliboni, el periodista fue sacudido por una fuerte cr\u00edtica del dirigente del Polo Obrero.<\/p>\n\n\n\n<p>Tras la\u00a0movilizaci\u00f3n realizada este martes por agrupaciones de izquierda hacia la Quinta de Olivos,\u00a0Esteban Trebucq\u00a0entrevist\u00f3 a\u00a0Eduardo Belliboni, el dirigente del Polo Obrero.<\/p>\n\n\n\n<p>En un acalorado ida y vuelta, el referente opositor al gobierno de<strong>&nbsp;Javier Milei<\/strong>&nbsp;indic\u00f3 que&nbsp;<strong>&#8220;si hubiera trabajo y estuvieran las necesidades satisfechas, no tendr\u00eda que haber ning\u00fan comedor popular&#8221;<\/strong>, en el marco de una conversaci\u00f3n sobre la creciente crisis econ\u00f3mica en el pa\u00eds.<\/p>\n\n\n\n<p>Tras esta afirmaci\u00f3n de Belliboni, el periodista le pregunt\u00e1 si est\u00e1 a favor o en contra de la reforma laboral que impulsa la gesti\u00f3n libertaria a trav\u00e9s de la Ley Bases, ante lo cual el dirigente respondi\u00f3:<strong>&nbsp;&#8220;Estoy totalmente en contra, pero no me cambi\u00e9s el tema&#8221;<\/strong>, se\u00f1al\u00f3, visiblemente ofuscado.&nbsp;&#8220;Por supuesto que la reforma laboral no va a crear ni un puesto de trabajo, al rev\u00e9s, va a eliminar puestos de trabajo&#8221;, sum\u00f3.<\/p>\n\n\n\n<p>En medio de sucesivas interrupciones de Trebucq por su insistencia con ese tema, Belliboni no dud\u00f3 en decir:&nbsp;&#8220;Pero, pelado&#8230; \u00a1qu\u00e9 bravo que sos! A Milei no lo interrump\u00eds as\u00ed, lo dej\u00e1s hablar, lo dej\u00e1s hablar&#8230;&#8221;, manifest\u00f3.<\/p>\n\n\n\n<p><strong>&#8220;S\u00ed lo interrumpo, pero \u00bfsab\u00e9s cu\u00e1l es la diferencia? A Milei lo votaron 14 millones de habitantes&#8221;<\/strong>, indic\u00f3 el periodista partidario , lo que recibi\u00f3 un fuerte contrapunto del referente del Polo Obrero:\u00a0<strong>&#8220;\u00bfY qu\u00e9 tiene que ver? A m\u00ed me interrump\u00eds cada cinco minutos y no por eso no lo pod\u00e9s interrumpir a \u00e9l. A ver, vos ten\u00e9s que respetar al entrevistado, sea el presidente de la Naci\u00f3n&#8230; me est\u00e1s entrevistando vos a m\u00ed&#8221;<\/strong>.<\/p>\n\n\n\n<p>&#8220;Pero a vos te pregunto una cosa y me respond\u00e9s otra&#8221;, se defendi\u00f3 Trebucq.&nbsp;&#8220;\u00a1No! Pelado me llama la atenci\u00f3n c\u00f3mo has cambiado, antes nos pele\u00e1bamos, pero ahora est\u00e1s cada vez m\u00e1s oficialista y es insoportable&#8221;, dispar\u00f3 Belliboni, mientras el periodista aseguraba que fue &#8220;siempre igual&#8221;.<\/p>\n","protected":false},"excerpt":{"rendered":"<p>En una entrevista con Eduardo Belliboni, el periodista fue sacudido por una fuerte cr\u00edtica del dirigente del Polo Obrero. Tras la\u00a0movilizaci\u00f3n realizada este martes por agrupaciones de izquierda hacia la&hellip; <\/p>\n","protected":false},"author":8,"featured_media":146024,"comment_status":"closed","ping_status":"open","sticky":false,"template":"","format":"standard","meta":{"footnotes":""},"categories":[17],"tags":[],"class_list":["post-146022","post","type-post","status-publish","format-standard","has-post-thumbnail","hentry","category-sociales"],"_links":{"self":[{"href":"https:\/\/corrientesdetarde.com\/index.php\/wp-json\/wp\/v2\/posts\/146022","targetHints":{"allow":["GET"]}}],"collection":[{"href":"https:\/\/corrientesdetarde.com\/index.php\/wp-json\/wp\/v2\/posts"}],"about":[{"href":"https:\/\/corrientesdetarde.com\/index.php\/wp-json\/wp\/v2\/types\/post"}],"author":[{"embeddable":true,"href":"https:\/\/corrientesdetarde.com\/index.php\/wp-json\/wp\/v2\/users\/8"}],"replies":[{"embeddable":true,"href":"https:\/\/corrientesdetarde.com\/index.php\/wp-json\/wp\/v2\/comments?post=146022"}],"version-history":[{"count":1,"href":"https:\/\/corrientesdetarde.com\/index.php\/wp-json\/wp\/v2\/posts\/146022\/revisions"}],"predecessor-version":[{"id":146027,"href":"https:\/\/corrientesdetarde.com\/index.php\/wp-json\/wp\/v2\/posts\/146022\/revisions\/146027"}],"wp:featuredmedia":[{"embeddable":true,"href":"https:\/\/corrientesdetarde.com\/index.php\/wp-json\/wp\/v2\/media\/146024"}],"wp:attachment":[{"href":"https:\/\/corrientesdetarde.com\/index.php\/wp-json\/wp\/v2\/media?parent=146022"}],"wp:term":[{"taxonomy":"category","embeddable":true,"href":"https:\/\/corrientesdetarde.com\/index.php\/wp-json\/wp\/v2\/categories?post=146022"},{"taxonomy":"post_tag","embeddable":true,"href":"https:\/\/corrientesdetarde.com\/index.php\/wp-json\/wp\/v2\/tags?post=146022"}],"curies":[{"name":"wp","href":"https:\/\/api.w.org\/{rel}","templated":true}]}}