{"id":146033,"date":"2024-05-08T20:23:09","date_gmt":"2024-05-08T23:23:09","guid":{"rendered":"https:\/\/corrientesdetarde.com\/?p=146033"},"modified":"2024-05-08T20:23:21","modified_gmt":"2024-05-08T23:23:21","slug":"ucrania-enviara-presos-a-la-guerra-pero-los-violadores-quedaron-eximidos","status":"publish","type":"post","link":"https:\/\/corrientesdetarde.com\/index.php\/internacionales\/ucrania-enviara-presos-a-la-guerra-pero-los-violadores-quedaron-eximidos\/","title":{"rendered":"Ucrania enviar\u00e1 presos a la guerra pero los violadores quedaron eximidos"},"content":{"rendered":"\n<p>Lo autoriz\u00f3 el Parlamento para &#8220;cierta categor\u00eda&#8221; de personas privadas de la libertad.<\/p>\n\n\n\n<p>\u00a0El Parlamento de\u00a0<strong>Ucrania<\/strong>\u00a0aprob\u00f3 este mi\u00e9rcoles un proyecto de ley que permite la movilizaci\u00f3n de algunas categor\u00edas de\u00a0condenados, seg\u00fan informaron varios miembros de ese cuerpo.<\/p>\n\n\n\n<p><strong>&#8220;Los condenados por asesinato premeditado, violaci\u00f3n, violencia sexual y delitos contra la seguridad nacional no ser\u00e1n movilizados&#8221;,&nbsp;<\/strong>declar\u00f3 a traves de Telegram Oleksii Honcharenko, uno de los diputados de la Rada.<\/p>\n\n\n\n<p>Esto se produce en&nbsp;<strong>momentos cr\u00edticos para Ucrania en el frente de combate, ya que ralean sus fuerzas.<\/strong><\/p>\n\n\n\n<p>Dentro de ese contexto es que&nbsp;<strong>Rusia<\/strong>&nbsp;advirti\u00f3 de un &#8220;enorme peligro&#8221; si la OTAN env\u00eda tropas a Ucrania, seg\u00fan informes de la agencia de noticias Reuters.<\/p>\n\n\n\n<p>Asimismo, adelant\u00f3 este mi\u00e9rcoles a&nbsp;<strong>Francia&nbsp;<\/strong>que si el presidente Emmanuel Macron env\u00eda tropas a Ucrania, estas ser\u00edan consideradas objetivos leg\u00edtimos por los militares rusos.<\/p>\n\n\n\n<p>El&nbsp;<strong>Parlamento de Ucrania&nbsp;<\/strong>tambi\u00e9n extendi\u00f3 este mi\u00e9rcoles la actual ley marcial y la movilizaci\u00f3n general de tropas por otros 90 d\u00edas, inform\u00f3 el congresista Yaroslav Zheleznyak.&nbsp;<\/p>\n\n\n\n<p>Los proyectos para prolongar&nbsp;<strong>la ley marcial y la movilizaci\u00f3n<\/strong>&nbsp;fueron apoyados por 339 y 336 legisladores, respectivamente, con un m\u00ednimo requerido de 226, escribi\u00f3 Zheleznyak en Telegram.<\/p>\n\n\n\n<p><strong>Ambas medidas restrictivas estar\u00e1n en vigor hasta el 11 de agosto<\/strong>, de acuerdo con un informe de la agencia de noticias Xinhua.<\/p>\n\n\n\n<p>El P<strong>arlamento ucraniano<\/strong>&nbsp;impuso la ley marcial y declar\u00f3 la movilizaci\u00f3n militar tras el inicio del conflicto con Rusia en febrero de 2022. Y&nbsp;<strong>prorrog\u00f3 la medida en 11 ocasiones desde entonces.&nbsp;<\/strong><\/p>\n\n\n\n<p><strong>Una nueva ley de movilizaci\u00f3n destinada a reclutar m\u00e1s soldados para las fuerzas armadas del pa\u00eds entrar\u00e1 en vigor el 18 de mayo.<\/strong><\/p>\n","protected":false},"excerpt":{"rendered":"<p>Lo autoriz\u00f3 el Parlamento para &#8220;cierta categor\u00eda&#8221; de personas privadas de la libertad. \u00a0El Parlamento de\u00a0Ucrania\u00a0aprob\u00f3 este mi\u00e9rcoles un proyecto de ley que permite la movilizaci\u00f3n de algunas categor\u00edas de\u00a0condenados,&hellip; <\/p>\n","protected":false},"author":4,"featured_media":146039,"comment_status":"closed","ping_status":"open","sticky":false,"template":"","format":"standard","meta":{"footnotes":""},"categories":[11],"tags":[],"class_list":["post-146033","post","type-post","status-publish","format-standard","has-post-thumbnail","hentry","category-internacionales"],"_links":{"self":[{"href":"https:\/\/corrientesdetarde.com\/index.php\/wp-json\/wp\/v2\/posts\/146033","targetHints":{"allow":["GET"]}}],"collection":[{"href":"https:\/\/corrientesdetarde.com\/index.php\/wp-json\/wp\/v2\/posts"}],"about":[{"href":"https:\/\/corrientesdetarde.com\/index.php\/wp-json\/wp\/v2\/types\/post"}],"author":[{"embeddable":true,"href":"https:\/\/corrientesdetarde.com\/index.php\/wp-json\/wp\/v2\/users\/4"}],"replies":[{"embeddable":true,"href":"https:\/\/corrientesdetarde.com\/index.php\/wp-json\/wp\/v2\/comments?post=146033"}],"version-history":[{"count":1,"href":"https:\/\/corrientesdetarde.com\/index.php\/wp-json\/wp\/v2\/posts\/146033\/revisions"}],"predecessor-version":[{"id":146040,"href":"https:\/\/corrientesdetarde.com\/index.php\/wp-json\/wp\/v2\/posts\/146033\/revisions\/146040"}],"wp:featuredmedia":[{"embeddable":true,"href":"https:\/\/corrientesdetarde.com\/index.php\/wp-json\/wp\/v2\/media\/146039"}],"wp:attachment":[{"href":"https:\/\/corrientesdetarde.com\/index.php\/wp-json\/wp\/v2\/media?parent=146033"}],"wp:term":[{"taxonomy":"category","embeddable":true,"href":"https:\/\/corrientesdetarde.com\/index.php\/wp-json\/wp\/v2\/categories?post=146033"},{"taxonomy":"post_tag","embeddable":true,"href":"https:\/\/corrientesdetarde.com\/index.php\/wp-json\/wp\/v2\/tags?post=146033"}],"curies":[{"name":"wp","href":"https:\/\/api.w.org\/{rel}","templated":true}]}}