{"id":146072,"date":"2024-05-08T22:18:41","date_gmt":"2024-05-09T01:18:41","guid":{"rendered":"https:\/\/corrientesdetarde.com\/?p=146072"},"modified":"2024-05-08T22:18:53","modified_gmt":"2024-05-09T01:18:53","slug":"el-real-madrid-saco-a-relucir-su-mistica-elimino-al-bayern-munich-y-clasifico-a-la-final-de-la-champions-league","status":"publish","type":"post","link":"https:\/\/corrientesdetarde.com\/index.php\/deportes\/el-real-madrid-saco-a-relucir-su-mistica-elimino-al-bayern-munich-y-clasifico-a-la-final-de-la-champions-league\/","title":{"rendered":"El Real Madrid sac\u00f3 a relucir su m\u00edstica, elimin\u00f3 al Bayern M\u00fanich y clasific\u00f3 a la final de la Champions League"},"content":{"rendered":"\n<p>Tras ir 1-0 abajo, el equipo espa\u00f1ol lo dio vuelta en una r\u00e1faga sobre el final del encuentro y jugar\u00e1 el partido definitorio ante el Borussia Dortmund en Wembley.<\/p>\n\n\n\n<p><strong>El Real Madrid, en una r\u00e1faga sobre el final del encuentro, le gan\u00f3 2-1 al Bayern M\u00fanich&nbsp;<\/strong>de Alemania en el estadio Santiago Bernab\u00e9u de Espa\u00f1a y clasific\u00f3 a la final de la Champions League en el estadio Wembley de Inglaterra donde jugar\u00e1 ante el Borussia Dortmund.<\/p>\n\n\n\n<p><strong>Alphonso Davies<\/strong>&nbsp;adelant\u00f3 en el marcador al elenco alem\u00e1n, a los 23 minutos del segundo tiempo, pero el equipo dirigido por Carlo Ancelotti lo dio vuelta con un&nbsp;<strong>doblete de&nbsp;<\/strong><strong>Joselu.&nbsp;<\/strong><\/p>\n\n\n\n<p>El&nbsp;Real Madrid&nbsp;y el&nbsp;Borussia Dortmund&nbsp;se medir\u00e1n el 1\u00ba de junio&nbsp;en el&nbsp;estadio Wembley&nbsp;de Londres, Inglaterra, en la final de la&nbsp;Champions League&nbsp;2024. El partido que coronar\u00e1 al mejor equipo de Europa promete tener grandes emociones.<\/p>\n\n\n\n<p>Real Madrid, con Vinicius como el argumento m\u00e1s desequilibrante por el sector izquierdo, tom\u00f3 el dominio del juego.&nbsp;Minutos m\u00e1s tarde del gol del Bayern, el cuerpo arbitral, tras revisarlo en el VAR,<strong>&nbsp;anul\u00f3 el empate del Real Madrid<\/strong>&nbsp;pero no iba a impedir que el m\u00e1ximo ganador de la competencia se repusiera.<\/p>\n\n\n\n<p>Ya entrando en la parte final, Manuel Neuer dio rebote tras un remate de Vinicus y<strong>&nbsp;Joselu igual\u00f3 el encuentro, a los 42 minutos.<\/strong><\/p>\n\n\n\n<p>Y como broche de oro, el mismo Joselu puso el 2 a 1 a favor de Real Madrid y el festejo se hizo esperar ya que, en primera instancia, el l\u00ednea cobr\u00f3 fuera de juego. Tras revisarlo en el VAR, el \u00e1rbitro polaco Szymon Marciniak lo convalid\u00f3.<\/p>\n\n\n\n<p>En tiempo de descuento tuvo otro momento donde el cuerpo arbitral fue protagonista, ya que&nbsp;<strong>Bayern Munich lleg\u00f3 al empate pero el juez de l\u00ednea hab\u00eda cobrado un offside previo y el \u00e1rbitro no dej\u00f3 seguir la jugada.<\/strong><\/p>\n\n\n\n<p>Real Madrid jugar\u00e1 su&nbsp;<strong>decimoctava final de Champions League y buscar\u00e1 su decimoquinto campeonato.&nbsp;<\/strong>Por su parte, su entrenador, Carlo Ancelotti, intentar\u00e1 extender su liderazgo como el DT con mayor cantidad de Champions League ganadas, ahora con cuatro trofeos en su poder, dos con el Merengue y dos con Milan.<\/p>\n","protected":false},"excerpt":{"rendered":"<p>Tras ir 1-0 abajo, el equipo espa\u00f1ol lo dio vuelta en una r\u00e1faga sobre el final del encuentro y jugar\u00e1 el partido definitorio ante el Borussia Dortmund en Wembley. El&hellip; <\/p>\n","protected":false},"author":4,"featured_media":146073,"comment_status":"closed","ping_status":"open","sticky":false,"template":"","format":"standard","meta":{"footnotes":""},"categories":[4],"tags":[],"class_list":["post-146072","post","type-post","status-publish","format-standard","has-post-thumbnail","hentry","category-deportes"],"_links":{"self":[{"href":"https:\/\/corrientesdetarde.com\/index.php\/wp-json\/wp\/v2\/posts\/146072","targetHints":{"allow":["GET"]}}],"collection":[{"href":"https:\/\/corrientesdetarde.com\/index.php\/wp-json\/wp\/v2\/posts"}],"about":[{"href":"https:\/\/corrientesdetarde.com\/index.php\/wp-json\/wp\/v2\/types\/post"}],"author":[{"embeddable":true,"href":"https:\/\/corrientesdetarde.com\/index.php\/wp-json\/wp\/v2\/users\/4"}],"replies":[{"embeddable":true,"href":"https:\/\/corrientesdetarde.com\/index.php\/wp-json\/wp\/v2\/comments?post=146072"}],"version-history":[{"count":1,"href":"https:\/\/corrientesdetarde.com\/index.php\/wp-json\/wp\/v2\/posts\/146072\/revisions"}],"predecessor-version":[{"id":146074,"href":"https:\/\/corrientesdetarde.com\/index.php\/wp-json\/wp\/v2\/posts\/146072\/revisions\/146074"}],"wp:featuredmedia":[{"embeddable":true,"href":"https:\/\/corrientesdetarde.com\/index.php\/wp-json\/wp\/v2\/media\/146073"}],"wp:attachment":[{"href":"https:\/\/corrientesdetarde.com\/index.php\/wp-json\/wp\/v2\/media?parent=146072"}],"wp:term":[{"taxonomy":"category","embeddable":true,"href":"https:\/\/corrientesdetarde.com\/index.php\/wp-json\/wp\/v2\/categories?post=146072"},{"taxonomy":"post_tag","embeddable":true,"href":"https:\/\/corrientesdetarde.com\/index.php\/wp-json\/wp\/v2\/tags?post=146072"}],"curies":[{"name":"wp","href":"https:\/\/api.w.org\/{rel}","templated":true}]}}