{"id":146078,"date":"2024-05-08T22:35:16","date_gmt":"2024-05-09T01:35:16","guid":{"rendered":"https:\/\/corrientesdetarde.com\/?p=146078"},"modified":"2024-05-08T22:35:28","modified_gmt":"2024-05-09T01:35:28","slug":"la-industria-cayo-212-y-profundiza-la-recesion","status":"publish","type":"post","link":"https:\/\/corrientesdetarde.com\/index.php\/economia\/la-industria-cayo-212-y-profundiza-la-recesion\/","title":{"rendered":"La industria cay\u00f3 21,2% y profundiza la recesi\u00f3n"},"content":{"rendered":"\n<p>De las 16 divisiones que releva el INDEC, todas dieron fuertes ca\u00eddas. El primer trimestre de 2024 finaliza con una ca\u00edda del 14,8%.<\/p>\n\n\n\n<p>En marzo de 2024,\u00a0<strong>la industria sigui\u00f3 cayendo y profundizando el\u00a0parate industrial y la recesi\u00f3n.<\/strong>\u00a0El \u00edndice de producci\u00f3n industrial manufacturero (IPI manufacturero) mostr\u00f3 u<strong>na ca\u00edda de 21,2%<\/strong>\u00a0respecto a igual mes de 2023, inform\u00f3 el INDEC.\u00a0<\/p>\n\n\n\n<p>En el acumulado del primer trimestre de 2024 presenta una disminuci\u00f3n de 14,8% respecto a igual per\u00edodo de 2023.&nbsp;<\/p>\n\n\n\n<p>En marzo de 2024, el \u00edndice de la serie desestacionalizada muestra una variaci\u00f3n negativa de 6,3% respecto al mes anterior y el \u00edndice serie tendencia-ciclo registra una variaci\u00f3n negativa de 1,4% en comparaci\u00f3n al mes anterior.<\/p>\n\n\n\n<figure class=\"wp-block-image size-full\"><img loading=\"lazy\" decoding=\"async\" width=\"778\" height=\"472\" src=\"https:\/\/corrientesdetarde.com\/wp-content\/uploads\/2024\/05\/image-147.png\" alt=\"\" class=\"wp-image-146080\" srcset=\"https:\/\/corrientesdetarde.com\/wp-content\/uploads\/2024\/05\/image-147.png 778w, https:\/\/corrientesdetarde.com\/wp-content\/uploads\/2024\/05\/image-147-300x182.png 300w, https:\/\/corrientesdetarde.com\/wp-content\/uploads\/2024\/05\/image-147-768x466.png 768w\" sizes=\"auto, (max-width: 778px) 100vw, 778px\" \/><\/figure>\n\n\n\n<p><strong>De las diecis\u00e9is divisiones de la industria manufacturera que analiza el instituto estad\u00edstico todas presentaron ca\u00eddas interanuales.<\/strong>&nbsp;<\/p>\n\n\n\n<p>En orden a su incidencia en el nivel general, se registraron ca\u00eddas en \u201cAlimentos y bebidas\u201d, 14,2%; \u201cMaquinaria y equipo\u201d, 37,9%; \u201cIndustrias met\u00e1licas b\u00e1sicas\u201d, 34,0%; \u201cProductos minerales no met\u00e1licos\u201d, 35,8%; \u201cOtros equipos, aparatos e instrumentos\u201d, 42,8%; \u201cMadera, papel, edici\u00f3n e impresi\u00f3n\u201d, 19,3%; \u201cMuebles y colchones, y otras industrias manufactureras\u201d, 40,4%; \u201cVeh\u00edculos automotores, carrocer\u00edas, remolques y autopartes\u201d, 25,2%; \u201cProductos de metal\u201d, 24,6%; \u201cProductos de caucho y pl\u00e1stico\u201d, 23,3%; \u201cPrendas de vestir, cuero y calzado\u201d, 21,3%; \u201cSustancias y productos qu\u00edmicos\u201d, 4,8%; \u201cProductos textiles\u201d, 25,1%; \u201cProductos de tabaco\u201d, 20,2%; \u201cRefinaci\u00f3n del petr\u00f3leo, coque y combustible nuclear\u201d, 4,0%; y \u201cOtro equipo de transporte\u201d, 19,8%.<\/p>\n","protected":false},"excerpt":{"rendered":"<p>De las 16 divisiones que releva el INDEC, todas dieron fuertes ca\u00eddas. El primer trimestre de 2024 finaliza con una ca\u00edda del 14,8%. En marzo de 2024,\u00a0la industria sigui\u00f3 cayendo&hellip; <\/p>\n","protected":false},"author":4,"featured_media":146081,"comment_status":"closed","ping_status":"open","sticky":false,"template":"","format":"standard","meta":{"footnotes":""},"categories":[20],"tags":[],"class_list":["post-146078","post","type-post","status-publish","format-standard","has-post-thumbnail","hentry","category-economia"],"_links":{"self":[{"href":"https:\/\/corrientesdetarde.com\/index.php\/wp-json\/wp\/v2\/posts\/146078","targetHints":{"allow":["GET"]}}],"collection":[{"href":"https:\/\/corrientesdetarde.com\/index.php\/wp-json\/wp\/v2\/posts"}],"about":[{"href":"https:\/\/corrientesdetarde.com\/index.php\/wp-json\/wp\/v2\/types\/post"}],"author":[{"embeddable":true,"href":"https:\/\/corrientesdetarde.com\/index.php\/wp-json\/wp\/v2\/users\/4"}],"replies":[{"embeddable":true,"href":"https:\/\/corrientesdetarde.com\/index.php\/wp-json\/wp\/v2\/comments?post=146078"}],"version-history":[{"count":1,"href":"https:\/\/corrientesdetarde.com\/index.php\/wp-json\/wp\/v2\/posts\/146078\/revisions"}],"predecessor-version":[{"id":146082,"href":"https:\/\/corrientesdetarde.com\/index.php\/wp-json\/wp\/v2\/posts\/146078\/revisions\/146082"}],"wp:featuredmedia":[{"embeddable":true,"href":"https:\/\/corrientesdetarde.com\/index.php\/wp-json\/wp\/v2\/media\/146081"}],"wp:attachment":[{"href":"https:\/\/corrientesdetarde.com\/index.php\/wp-json\/wp\/v2\/media?parent=146078"}],"wp:term":[{"taxonomy":"category","embeddable":true,"href":"https:\/\/corrientesdetarde.com\/index.php\/wp-json\/wp\/v2\/categories?post=146078"},{"taxonomy":"post_tag","embeddable":true,"href":"https:\/\/corrientesdetarde.com\/index.php\/wp-json\/wp\/v2\/tags?post=146078"}],"curies":[{"name":"wp","href":"https:\/\/api.w.org\/{rel}","templated":true}]}}