{"id":146083,"date":"2024-05-08T22:40:54","date_gmt":"2024-05-09T01:40:54","guid":{"rendered":"https:\/\/corrientesdetarde.com\/?p=146083"},"modified":"2024-05-08T22:41:06","modified_gmt":"2024-05-09T01:41:06","slug":"segun-bullrich-kicillof-busca-adherir-al-protocolo-antipiquetes-y-critico-el-paro-de-la-cgt","status":"publish","type":"post","link":"https:\/\/corrientesdetarde.com\/index.php\/politica\/segun-bullrich-kicillof-busca-adherir-al-protocolo-antipiquetes-y-critico-el-paro-de-la-cgt\/","title":{"rendered":"Seg\u00fan Bullrich, Kicillof busca adherir al protocolo antipiquetes y critic\u00f3 el paro de la CGT"},"content":{"rendered":"\n<p>&#8220;Dejens\u00e9 de joder&#8221;, les dijo a los popes sindicales. Se pronunci\u00f3 as\u00ed tras exponer en el encuentro semanal del Rotary Club de Buenos Aires.<\/p>\n\n\n\n<p>La ministra de Seguridad,\u00a0<strong>Patricia Bullrich,<\/strong>\u00a0desliz\u00f3 este mi\u00e9rcoles que el Gobierno de la provincia de Buenos Aires\u00a0<strong>estudia adherir al protocolo antipiquetes<\/strong>\u00a0que viene aplicando la gesti\u00f3n nacional para ordenar la protesta callejera, mientras que envi\u00f3 un mensaje a la\u00a0<strong>CGT\u00a0<\/strong>en la previa al\u00a0paro general de este jueves:\u00a0<strong>&#8220;Que se dejen de joder y vayan a laburar&#8221;.<\/strong><\/p>\n\n\n\n<p>La funcionaria de la administraci\u00f3n de Javier Milei se pronunci\u00f3 as\u00ed en una ronda con periodistas de distintos medios, entre ellos&nbsp;<strong>Noticias Argentinas<\/strong>, tras exponer en el encuentro semanal del Rotary Club de Buenos Aires que se realiz\u00f3 en un hotel del centro porte\u00f1o.<\/p>\n\n\n\n<p>Bullrich revel\u00f3 que d\u00edas atr\u00e1s se contact\u00f3 con ella su par de la gesti\u00f3n de Axel Kicillof, Javier Alonso: \u201cMe dijo \u00b4tenemos que hablar del protocolo antipiquetes. \u201dSe ve que fue tal el papel\u00f3n de la camioneta de la polic\u00eda acompa\u00f1ando la marcha piquetera&#8221;, desliz\u00f3 en su discurso.<\/p>\n\n\n\n<p>Luego, frente a los periodistas evit\u00f3 ahondar sobre el tema:<strong>&nbsp;&#8220;Prefiero no hablar m\u00e1s, ya que todav\u00eda no tuvimos la reuni\u00f3n&#8221;<\/strong>&nbsp;con Alonso, se excus\u00f3.<\/p>\n\n\n\n<p><strong>Por otro lado, confirm\u00f3 que se impulsa un proyecto para cambiar el C\u00f3digo Penal y bajar la edad de imputabilidad,<\/strong>&nbsp;en l\u00ednea con los dem\u00e1s pa\u00edses de la regi\u00f3n,&nbsp;<strong>pero aclar\u00f3 que a\u00fan no se decidi\u00f3 si fijarla en 12 o 13 a\u00f1os.<\/strong><\/p>\n\n\n\n<p>\u201cEstamos trabajando en eso. En Brasil es de 12 a\u00f1os, en Uruguay es 13 a\u00f1os. No queremos bajar la edad de imputabilidad y que despu\u00e9s los narcos contraten a chicos menores de 12 a\u00f1os. Se podr\u00eda bajar la imputabilidad para delitos graves como homicidio y tener otra imputabilidad para otros delitos\u201d, detall\u00f3.&nbsp;<\/p>\n\n\n\n<p>Durante el discurso ante los miembros del Rotary,&nbsp;<strong>Bullrich adem\u00e1s aludi\u00f3 a un acuerdo que se est\u00e1 por firmar entre el Enacom y las tres compa\u00f1\u00edas de servicios de telefon\u00eda celular para en las c\u00e1rceles federales evitar que reclusos como jefes narcos puedan tener comunicaci\u00f3n con el exterior.<\/strong><\/p>\n\n\n\n<p>Precis\u00f3 que se est\u00e1 pensando en un instrumento que bloquea la llegada de se\u00f1ales de las antenas de celulares a esas c\u00e1rceles, mientras que el personal penitenciario utilizar\u00e1 unos aparatos de comunicaci\u00f3n propia, siendo los \u00fanicos en tener posibilidad de contacto con el exterior.<\/p>\n\n\n\n<p>Por otro lado, defendi\u00f3 la postulaci\u00f3n que hizo Milei del juez Ariel Lijo para ocupar una vacante en la Corte Suprema de Justicia, y sostuvo: \u201cHe tenido una excelente experiencia con Lijo. Podr\u00eda hacerme la tonta y decir que no soy ministra de Justicia y que no lo eleg\u00ed, pero digo que tiene gran capacidad para resolver los temas, ser juez de primera instancia no es lo mismo a venir de la academia, todos apoyan la nominaci\u00f3n de Lijo entre los jueces de primera instancia\u201d.<\/p>\n\n\n\n<p>&nbsp;\u201cLas causas que tuvo en su contra fueron cerradas, no fue condenado, no puede haber una sombra permanente. Tener a alguien que conozca el funcionamiento de la Justicia es importante, pese a que hay un sector que no est\u00e1 de acuerdo con su postulaci\u00f3n\u201d, cerr\u00f3.<\/p>\n\n\n\n<p>Tambi\u00e9n remarc\u00f3 que impulsan un proyecto de ley para \u201creforzar el concepto de leg\u00edtima defensa\u201d para evitar que haya agentes \u201cque cuando act\u00faan en cumplimiento del deber son condenados\u201d y record\u00f3 de inmediato el caso de Luis Chocobar, a quien d\u00edas atr\u00e1s la Justicia le anul\u00f3 la condena que pesaba sobre el por abatir a un delincuente.&nbsp;<\/p>\n","protected":false},"excerpt":{"rendered":"<p>&#8220;Dejens\u00e9 de joder&#8221;, les dijo a los popes sindicales. Se pronunci\u00f3 as\u00ed tras exponer en el encuentro semanal del Rotary Club de Buenos Aires. La ministra de Seguridad,\u00a0Patricia Bullrich,\u00a0desliz\u00f3 este&hellip; <\/p>\n","protected":false},"author":4,"featured_media":146084,"comment_status":"closed","ping_status":"open","sticky":false,"template":"","format":"standard","meta":{"footnotes":""},"categories":[3],"tags":[],"class_list":["post-146083","post","type-post","status-publish","format-standard","has-post-thumbnail","hentry","category-politica"],"_links":{"self":[{"href":"https:\/\/corrientesdetarde.com\/index.php\/wp-json\/wp\/v2\/posts\/146083","targetHints":{"allow":["GET"]}}],"collection":[{"href":"https:\/\/corrientesdetarde.com\/index.php\/wp-json\/wp\/v2\/posts"}],"about":[{"href":"https:\/\/corrientesdetarde.com\/index.php\/wp-json\/wp\/v2\/types\/post"}],"author":[{"embeddable":true,"href":"https:\/\/corrientesdetarde.com\/index.php\/wp-json\/wp\/v2\/users\/4"}],"replies":[{"embeddable":true,"href":"https:\/\/corrientesdetarde.com\/index.php\/wp-json\/wp\/v2\/comments?post=146083"}],"version-history":[{"count":1,"href":"https:\/\/corrientesdetarde.com\/index.php\/wp-json\/wp\/v2\/posts\/146083\/revisions"}],"predecessor-version":[{"id":146085,"href":"https:\/\/corrientesdetarde.com\/index.php\/wp-json\/wp\/v2\/posts\/146083\/revisions\/146085"}],"wp:featuredmedia":[{"embeddable":true,"href":"https:\/\/corrientesdetarde.com\/index.php\/wp-json\/wp\/v2\/media\/146084"}],"wp:attachment":[{"href":"https:\/\/corrientesdetarde.com\/index.php\/wp-json\/wp\/v2\/media?parent=146083"}],"wp:term":[{"taxonomy":"category","embeddable":true,"href":"https:\/\/corrientesdetarde.com\/index.php\/wp-json\/wp\/v2\/categories?post=146083"},{"taxonomy":"post_tag","embeddable":true,"href":"https:\/\/corrientesdetarde.com\/index.php\/wp-json\/wp\/v2\/tags?post=146083"}],"curies":[{"name":"wp","href":"https:\/\/api.w.org\/{rel}","templated":true}]}}