{"id":146086,"date":"2024-05-08T23:15:10","date_gmt":"2024-05-09T02:15:10","guid":{"rendered":"https:\/\/corrientesdetarde.com\/?p=146086"},"modified":"2024-05-08T23:15:22","modified_gmt":"2024-05-09T02:15:22","slug":"el-poder-adquisitivo-cae-en-picada-en-cuatro-meses-perdio-mas-de-30-puntos-frente-a-la-inflacion","status":"publish","type":"post","link":"https:\/\/corrientesdetarde.com\/index.php\/economia\/el-poder-adquisitivo-cae-en-picada-en-cuatro-meses-perdio-mas-de-30-puntos-frente-a-la-inflacion\/","title":{"rendered":"El poder adquisitivo cae en picada: en cuatro meses perdi\u00f3 m\u00e1s de 30 puntos frente a la inflaci\u00f3n"},"content":{"rendered":"\n<p>Seg\u00fan datos oficiales del INDEC y de la Secretar\u00eda de Trabajo, la suba de precios le gana por goleada a los sueldos.<\/p>\n\n\n\n<p>El\u00a0<strong>poder adquisitivo<\/strong>\u00a0sigue cayendo en picada.\u00a0Entre diciembre y marzo, los sueldos subieron 58% mientras que<strong>\u00a0la inflaci\u00f3n en el mismo per\u00edodo fue del 90%.<\/strong>\u00a0Es decir, el reacomodamiento de los ingresos se ubic\u00f3 m\u00e1s de treinta puntos con relaci\u00f3n al costo de vida.<\/p>\n\n\n\n<p>Los datos surgen del&nbsp;<strong>INDEC y el RIPTE<\/strong>&nbsp;(Remuneraci\u00f3n Imponible de Trabajadores Estables) que elabora la secretaria de Seguridad Social, que engloba a 10 millones de trabajadores formales del sector p\u00fablico y privado.<\/p>\n\n\n\n<p>En cuatro meses,<strong>&nbsp;los salarios tuvieron un alza nominal del 57.9%<\/strong>&nbsp;(8,3% diciembre, 14,7% enero, 11,5% en febrero y 14% marzo ) y la<strong>&nbsp;inflaci\u00f3n en diciembre-enero-febrero-marzo fue del 90,1%<\/strong>, lo que representa una ca\u00edda del 16,9%, seg\u00fan los datos del INDEC y&nbsp;<\/p>\n\n\n\n<p>En medio de estos datos muy negativos, los salarios formales con aportes a la Seguridad Social tuvieron en marzo una mejora con relaci\u00f3n a la inflaci\u00f3n. Aumentaron un 14% versus una suba de los precios del 11%.<\/p>\n\n\n\n<p>En 2023 los salarios cerraron con un promedio que pas\u00f3 de $194.175,11 en diciembre 2022 a $484.298,40 en igual mes de 2023. Representa un incremento del 149,4% versus una inflaci\u00f3n del 211,4%. Equivale a una p\u00e9rdida del poder adquisitivo de 60 puntos.&nbsp;<\/p>\n\n\n\n<p>As\u00ed, desde el inicio del 2023 hasta ahora los sueldos perdieron casi la mitad de lo que subi\u00f3 el costo de vida.<\/p>\n\n\n\n<p>Esa ca\u00edda se produjo con mayor fuerza tras la devaluaci\u00f3n de agosto del anterior Gobierno y la disparada de la inflaci\u00f3n, que se acentu\u00f3 en diciembre con la depreciaci\u00f3n del actual Gobierno y la fuerte suba de los precios.<\/p>\n\n\n\n<p>En marzo,<strong>&nbsp;el salario promedio formal fue de $705.832,58<\/strong>, un valor que se ubic\u00f3 por debajo del de la canasta familiar de pobreza que, para un matrimonio con 2 hijos menores, valuada por el INDEC en $773.385,10, sin considerar el alquiler.&nbsp;<\/p>\n\n\n\n<p>En ese marco, subieron los trabajadores con empleo formal y aportes a la Seguridad Social que viven en hogares pobres.<\/p>\n\n\n\n<p>Con relaci\u00f3n a fines de 2015, el RIPTE acumula una p\u00e9rdida de m\u00e1s del 30% de los cuales 20 puntos corresponden al gobierno de Mauricio Macri y 10 puntos al de Alberto Fern\u00e1ndez y ahora se agrega esta ca\u00edda de los 4 primeros meses de la gesti\u00f3n de Javier Milei.<\/p>\n\n\n\n<p>El RIPTE (o el \u00cdndice de Salarios de INDEC) es una de las variables que se toma en cuenta para el c\u00e1lculo de la movilidad previsional junto a la evoluci\u00f3n de la recaudaci\u00f3n tributaria que va a la Seguridad Social, descontando el incremento del padr\u00f3n de beneficiarios.<\/p>\n","protected":false},"excerpt":{"rendered":"<p>Seg\u00fan datos oficiales del INDEC y de la Secretar\u00eda de Trabajo, la suba de precios le gana por goleada a los sueldos. El\u00a0poder adquisitivo\u00a0sigue cayendo en picada.\u00a0Entre diciembre y marzo,&hellip; <\/p>\n","protected":false},"author":4,"featured_media":146087,"comment_status":"closed","ping_status":"open","sticky":false,"template":"","format":"standard","meta":{"footnotes":""},"categories":[20],"tags":[],"class_list":["post-146086","post","type-post","status-publish","format-standard","has-post-thumbnail","hentry","category-economia"],"_links":{"self":[{"href":"https:\/\/corrientesdetarde.com\/index.php\/wp-json\/wp\/v2\/posts\/146086","targetHints":{"allow":["GET"]}}],"collection":[{"href":"https:\/\/corrientesdetarde.com\/index.php\/wp-json\/wp\/v2\/posts"}],"about":[{"href":"https:\/\/corrientesdetarde.com\/index.php\/wp-json\/wp\/v2\/types\/post"}],"author":[{"embeddable":true,"href":"https:\/\/corrientesdetarde.com\/index.php\/wp-json\/wp\/v2\/users\/4"}],"replies":[{"embeddable":true,"href":"https:\/\/corrientesdetarde.com\/index.php\/wp-json\/wp\/v2\/comments?post=146086"}],"version-history":[{"count":1,"href":"https:\/\/corrientesdetarde.com\/index.php\/wp-json\/wp\/v2\/posts\/146086\/revisions"}],"predecessor-version":[{"id":146088,"href":"https:\/\/corrientesdetarde.com\/index.php\/wp-json\/wp\/v2\/posts\/146086\/revisions\/146088"}],"wp:featuredmedia":[{"embeddable":true,"href":"https:\/\/corrientesdetarde.com\/index.php\/wp-json\/wp\/v2\/media\/146087"}],"wp:attachment":[{"href":"https:\/\/corrientesdetarde.com\/index.php\/wp-json\/wp\/v2\/media?parent=146086"}],"wp:term":[{"taxonomy":"category","embeddable":true,"href":"https:\/\/corrientesdetarde.com\/index.php\/wp-json\/wp\/v2\/categories?post=146086"},{"taxonomy":"post_tag","embeddable":true,"href":"https:\/\/corrientesdetarde.com\/index.php\/wp-json\/wp\/v2\/tags?post=146086"}],"curies":[{"name":"wp","href":"https:\/\/api.w.org\/{rel}","templated":true}]}}