{"id":146089,"date":"2024-05-08T23:17:51","date_gmt":"2024-05-09T02:17:51","guid":{"rendered":"https:\/\/corrientesdetarde.com\/?p=146089"},"modified":"2024-05-08T23:17:57","modified_gmt":"2024-05-09T02:17:57","slug":"ley-de-bases-y-paquete-fiscal-en-el-senado-se-dificulta-el-dictamen-expres-al-que-aspira-el-oficialismo","status":"publish","type":"post","link":"https:\/\/corrientesdetarde.com\/index.php\/politica\/ley-de-bases-y-paquete-fiscal-en-el-senado-se-dificulta-el-dictamen-expres-al-que-aspira-el-oficialismo\/","title":{"rendered":"Ley de Bases y paquete fiscal en el Senado: se dificulta el dictamen expr\u00e9s al que aspira el oficialismo"},"content":{"rendered":"\n<p>La C\u00e1mara alta retom\u00f3 este mi\u00e9rcoles el tratamiento de ambos proyectos. Se pospuso para el jueves la comisi\u00f3n de Presupuesto y Hacienda que estaba programada para hoy. Dura advertencia de Lousteau al Gobierno.<\/p>\n\n\n\n<p>El Senado de la Naci\u00f3n retom\u00f3 este mi\u00e9rcoles el tratamiento en comisi\u00f3n de la\u00a0ley de Bases y el paquete fiscal\u00a0en un\u00a0<strong>mar de dudas con respecto a las posibilidades del oficialismo por conseguir un dictamen de mayor\u00eda ma\u00f1ana<\/strong>\u00a0que le permita desembarcar en el recinto el pr\u00f3ximo jueves 16 de mayo, como dicta el cronograma dise\u00f1ado de La Libertad Avanza. \u00a0<\/p>\n\n\n\n<p>La segunda jornada inici\u00f3 pasadas las 10 con la exposici\u00f3n del secretario de Energ\u00eda,&nbsp;<strong>Eduardo Rodr\u00edguez Chirillo<\/strong>, y del secretario de Trabajo,<strong>&nbsp;Julio Cordero<\/strong>, en el plenario de comisiones de Legislaci\u00f3n General, Presupuesto y Hacienda y Asuntos Constitucionales. Estaba previsto que finalizara antes de las 14.30, hora en la que estaba establecida la reuni\u00f3n de la comisi\u00f3n de Hacienda y Presupuesto para tratar en soledad el paquete fiscal.&nbsp;<\/p>\n\n\n\n<p>Sin embargo, la ronda de preguntas para los secretarios se extendi\u00f3 hasta pasadas las 20, en el Sal\u00f3n Azul del Congreso de la Naci\u00f3n, y entr\u00f3 en cuarto intermedio hasta ma\u00f1ana. Principalmente, el grueso de las consultas y cuestionamientos fueron direccionadas para Rodr\u00edguez Chirillo. El titular de la cartera energ\u00e9tica recibi\u00f3 varios palos del kirchnerismo duro.&nbsp;<mark><strong>Este escenario hizo que se posponga para ma\u00f1ana jueves a las 10 la comisi\u00f3n de Presupuesto y Hacienda<\/strong><\/mark>.<\/p>\n\n\n\n<p>Este nuevo panorama ajusta el calendario diagramado por La Libertad Avanza que, seg\u00fan pudo saber&nbsp;<em><strong>Noticias Argentinas<\/strong><\/em>&nbsp;de fuentes oficiales, todav\u00eda mantiene la esperanza por conseguir un dictamen de mayor\u00eda ma\u00f1ana. De no concretarse, lo que se avizora como el panorama m\u00e1s l\u00f3gico, la discusi\u00f3n continuar\u00eda la semana pr\u00f3xima. De ser as\u00ed,&nbsp;<mark><strong>el oficialismo reci\u00e9n podr\u00eda llegar al hemiciclo del Senado el jueves 23, a solo dos d\u00edas del Pacto de Mayo<\/strong>.<\/mark><\/p>\n\n\n\n<p>El senador y titular de la Uni\u00f3n C\u00edvica Radical,&nbsp;<strong>Mart\u00edn Lousteau<\/strong>, lanz\u00f3 una dura y clara advertencia a la intenci\u00f3n de los libertarios por concretar el dictamen de mayor\u00eda: \u201c<mark><strong>Est\u00e1n tratando de hacer circular un dictamen para firmar hoy (mi\u00e9rcoles) o ma\u00f1ana (jueves)<\/strong><\/mark>. Son los mismos que se quejaban del kirchnerismo y dec\u00edan que usaba al Congreso de escriban\u00eda&#8221;.&nbsp;<\/p>\n\n\n\n<h3 class=\"wp-block-heading\">Cruce entre funcionarios y senadores&nbsp;<\/h3>\n\n\n\n<p>Si bien los dardos principales se los llev\u00f3 Rodr\u00edguez Chirillo, antes, Cordero fue cuestionado por la senadora Anabel Fern\u00e1ndez Sagasti (Mendoza) y el senador Mariano Recalde (CABA), ambos kirchneristas, por la reforma laboral incluida en la ley de Bases.&nbsp;<\/p>\n\n\n\n<p>Para Fern\u00e1ndez Sagasti, el plan del Gobierno es la \u201cflexibilizaci\u00f3n tributaria, laboral y ambiental\u201d y continu\u00f3: \u201cSe beneficia a los evasores, se les saca las multas, las demandas penales; se crea un sistema de blanqueo, pero se elimina la mal llamada moratoria jubilatoria\u201d.<\/p>\n\n\n\n<p>Por su parte, Recalde fustig\u00f3: &#8220;Buscan maximizar las ganancias y que los trabajadores no pidan nada. Como piensan que con el periodo de prueba, el quite de multas -como en los &#8217;90 que fracas\u00f3- van a conseguir resultados diferentes&#8221;.&nbsp;<\/p>\n\n\n\n<p>Mientras que Rodr\u00edguez Chirillo fue interpelado por el senador Edgardo Kueider (Entre R\u00edos) por la deuda que mantiene el Ejecutivo con las generadoras de energ\u00eda y tambi\u00e9n recibi\u00f3 algunos dardos por parte del senador ultraK Oscar Parrilli (Neuqu\u00e9n) que asegur\u00f3 que el titular de la cartera energ\u00e9tica \u201cno conoce nada del tema gas y petr\u00f3leo en Argentina\u201d.&nbsp;<\/p>\n\n\n\n<h3 class=\"wp-block-heading\">C\u00f3mo contin\u00faa el cronograma<\/h3>\n\n\n\n<p>Ma\u00f1ana se reanudar\u00e1 la tercera jornada con la exposici\u00f3n del secretario de Hacienda,&nbsp;<strong>Carlos Guberman<\/strong>, en la comisi\u00f3n Presupuesto y Hacienda. Guberman responder\u00e1 por la restauraci\u00f3n la cuarta categor\u00eda del impuesto a las<mark><strong>&nbsp;Ganancias<\/strong><\/mark>. Se trata de uno de los cap\u00edtulos sujetos a sufrir modificaciones ya que aglomera a gran parte de los gobernadores de la Patagonia en su contra.&nbsp;<\/p>\n\n\n\n<p>A su vez, se tocar\u00e1n otros \u00edtems que consiguieron la luz de verde de Diputados como la moratoria tributaria, aduanera y de Seguridad Social; blanqueo de capitales; cambios en el r\u00e9gimen simplificado; eliminaci\u00f3n del Impuesto a la Transferencia de Inmuebles de Personas F\u00edsicas y Sucesiones Indivisas (ITI); y creaci\u00f3n del R\u00e9gimen de Transparencia Fiscal al Consumidor.<\/p>\n","protected":false},"excerpt":{"rendered":"<p>La C\u00e1mara alta retom\u00f3 este mi\u00e9rcoles el tratamiento de ambos proyectos. Se pospuso para el jueves la comisi\u00f3n de Presupuesto y Hacienda que estaba programada para hoy. Dura advertencia de&hellip; <\/p>\n","protected":false},"author":4,"featured_media":146090,"comment_status":"closed","ping_status":"open","sticky":false,"template":"","format":"standard","meta":{"footnotes":""},"categories":[3],"tags":[],"class_list":["post-146089","post","type-post","status-publish","format-standard","has-post-thumbnail","hentry","category-politica"],"_links":{"self":[{"href":"https:\/\/corrientesdetarde.com\/index.php\/wp-json\/wp\/v2\/posts\/146089","targetHints":{"allow":["GET"]}}],"collection":[{"href":"https:\/\/corrientesdetarde.com\/index.php\/wp-json\/wp\/v2\/posts"}],"about":[{"href":"https:\/\/corrientesdetarde.com\/index.php\/wp-json\/wp\/v2\/types\/post"}],"author":[{"embeddable":true,"href":"https:\/\/corrientesdetarde.com\/index.php\/wp-json\/wp\/v2\/users\/4"}],"replies":[{"embeddable":true,"href":"https:\/\/corrientesdetarde.com\/index.php\/wp-json\/wp\/v2\/comments?post=146089"}],"version-history":[{"count":1,"href":"https:\/\/corrientesdetarde.com\/index.php\/wp-json\/wp\/v2\/posts\/146089\/revisions"}],"predecessor-version":[{"id":146091,"href":"https:\/\/corrientesdetarde.com\/index.php\/wp-json\/wp\/v2\/posts\/146089\/revisions\/146091"}],"wp:featuredmedia":[{"embeddable":true,"href":"https:\/\/corrientesdetarde.com\/index.php\/wp-json\/wp\/v2\/media\/146090"}],"wp:attachment":[{"href":"https:\/\/corrientesdetarde.com\/index.php\/wp-json\/wp\/v2\/media?parent=146089"}],"wp:term":[{"taxonomy":"category","embeddable":true,"href":"https:\/\/corrientesdetarde.com\/index.php\/wp-json\/wp\/v2\/categories?post=146089"},{"taxonomy":"post_tag","embeddable":true,"href":"https:\/\/corrientesdetarde.com\/index.php\/wp-json\/wp\/v2\/tags?post=146089"}],"curies":[{"name":"wp","href":"https:\/\/api.w.org\/{rel}","templated":true}]}}