{"id":146092,"date":"2024-05-08T23:24:38","date_gmt":"2024-05-09T02:24:38","guid":{"rendered":"https:\/\/corrientesdetarde.com\/?p=146092"},"modified":"2024-05-08T23:24:41","modified_gmt":"2024-05-09T02:24:41","slug":"milei-ratifico-su-respaldo-a-israel-denunciar-el-terrorismo-islamico-es-una-obligacion-moral","status":"publish","type":"post","link":"https:\/\/corrientesdetarde.com\/index.php\/politica\/milei-ratifico-su-respaldo-a-israel-denunciar-el-terrorismo-islamico-es-una-obligacion-moral\/","title":{"rendered":"Milei ratific\u00f3 su respaldo a Israel: &#8220;Denunciar el terrorismo isl\u00e1mico es una obligaci\u00f3n moral&#8221;"},"content":{"rendered":"\n<p>El Presidente encabez\u00f3 el acto por el D\u00eda del Holocausto en el ex CCK.<\/p>\n\n\n\n<p>El presidente<strong>&nbsp;Javier Milei encabez\u00f3 el acto por el D\u00eda del Holocausto<\/strong>&nbsp;junto a los principales referentes de la comunidad jud\u00eda y, en ese marco, reiter\u00f3 su&nbsp;<strong>respaldo a Israel<\/strong>, al se\u00f1alar que &#8220;tomar partido es una obligaci\u00f3n moral&#8221;.<\/p>\n\n\n\n<p><strong>&#8220;Tomar partido no es una opci\u00f3n entre otras, sino una obligaci\u00f3n moral&#8221;,&nbsp;<\/strong>sostuvo Milei, que consider\u00f3 el Holocausto como<strong>&nbsp;&#8220;la tragedia m\u00e1s grande de la historia de la humanidad&#8221;.<\/strong><\/p>\n\n\n\n<p>El mandatario nacional ratific\u00f3 su alineamiento con Israel y subray\u00f3 que<strong>&nbsp;mientras algunos pa\u00edses &#8220;le dan la espalda&#8221;, la Argentina estar\u00e1 &#8220;al lado suyo, firme siempre&#8221;.<\/strong><\/p>\n\n\n\n<p><strong>&#8220;En tiempos de oscuridad, cuando levantar la voz es costoso y la mayor\u00eda, se tiene la obligaci\u00f3n de hablar&#8221;<\/strong>, evalu\u00f3 el jefe de Estado, en el acto realizado en el ahora ex Centro Cultural Kirchner, renombrado pr\u00f3ximamente Palacio Libertad.<\/p>\n\n\n\n<p>El Presidente cuestion\u00f3 el &#8220;antisemitismo&#8221; y el &#8220;fanatismo isl\u00e1mico intolerable&#8221;, y afirm\u00f3 que ambos son&nbsp;<strong>&#8220;percibidos por el mundo libre con incomodidad y gestos ambiguos&#8221;.<\/strong><\/p>\n\n\n\n<p>&#8220;Miro a mi alrededor&nbsp;<strong>en los liderazgos del mundo libre, a grandes naciones y veo indiferencia en algunos y en otros miedo a pararse del lado de la verdad&#8221;,<\/strong>&nbsp;se quej\u00f3 Milei.<\/p>\n\n\n\n<p>Adem\u00e1s, record\u00f3 que &#8220;hoy en Gaza todav\u00eda hay m\u00e1s de 100 secuestrados, de los cuales 8 son argentinos&#8221;.<\/p>\n\n\n\n<p>&#8220;Cuando el mundo calla tenemos la obligaci\u00f3n de hablar,<strong>&nbsp;no hacer la vista gorda. Aunque para algunos sea inconveniente, es la \u00fanica forma de que la Sho\u00e1 no se repita&#8221;<\/strong>, enfatiz\u00f3 el Presidente, en el acto organizado por la DAIA y el Museo del Holocausto.<\/p>\n\n\n\n<p>Y agreg\u00f3: &#8220;Dios no va a aceptar justificaci\u00f3n en su juicio \u00fanico, no nos va a juzgar por lo que cre\u00edamos, sino por lo que hicimos.&nbsp;<strong>Denunciar el terrorismo isl\u00e1mico es una obligaci\u00f3n&#8221;.<\/strong><\/p>\n\n\n\n<p>Milei estuvo acompa\u00f1ado en la ceremonia por la canciller&nbsp;<strong>Diana Mondino,<\/strong>&nbsp;el ministro de Defensa,<strong>&nbsp;Luis Petri<\/strong>, y la secretaria general de la Presidencia,&nbsp;<strong>Karina Milei.<\/strong><\/p>\n\n\n\n<p>El presidente de la DAIA,&nbsp;<strong>Jorge Knoblovits,<\/strong>&nbsp;en tanto, record\u00f3 que &#8220;la Sho\u00e1 no es un tema jud\u00edo&#8221;, sino &#8220;un infierno abierto en el coraz\u00f3n de la historia&#8221;.<\/p>\n\n\n\n<p>&#8220;Como en un siniestro dej\u00e1-vu, el mundo acaba de presenciar, azorado, la masacre del 7 de octubre. Quien se desentiende del espanto est\u00e1 enarbolando esa indiferencia c\u00f3mplice, esa supuesta neutralidad que lo deshumaniza y lo pone del lado de los asesinos. Quien no levanta la voz y no se pone del lado de las v\u00edctimas, multiplica el crimen. Es peor todav\u00eda, porque ignora, irresponsablemente, la amenaza que est\u00e1 sobre su propia cabeza&#8221;, afirm\u00f3 el titular de la entidad jud\u00eda.<\/p>\n\n\n\n<p>Por su parte, el presidente del Museo del Holocausto,&nbsp;<strong>Marcelo Mindlin,<\/strong>&nbsp;ratific\u00f3 &#8220;en este a\u00f1o tan dif\u00edcil, que el Museo invita nuevamente a todos y cada uno de ustedes a realizar acciones en conjunto con cada una de las organizaciones que representan, para concientizar, para educar y para fortalecer los v\u00ednculos con todos los \u00e1mbitos de nuestra sociedad&#8221;.<\/p>\n\n\n\n<p>&#8220;Todos podemos hacer algo. Muchos ya lo est\u00e1n haciendo. Otros se han sumado en el camino. Hay mucho por hacer. Lo \u00fanico que no podemos hacer, es no hacer nada. Aqu\u00ed estaremos para multiplicar los esfuerzos de manera coordinada, porque las circunstancias as\u00ed lo exigen&#8221;, agreg\u00f3.<\/p>\n","protected":false},"excerpt":{"rendered":"<p>El Presidente encabez\u00f3 el acto por el D\u00eda del Holocausto en el ex CCK. El presidente&nbsp;Javier Milei encabez\u00f3 el acto por el D\u00eda del Holocausto&nbsp;junto a los principales referentes de&hellip; <\/p>\n","protected":false},"author":4,"featured_media":146093,"comment_status":"closed","ping_status":"open","sticky":false,"template":"","format":"standard","meta":{"footnotes":""},"categories":[3],"tags":[],"class_list":["post-146092","post","type-post","status-publish","format-standard","has-post-thumbnail","hentry","category-politica"],"_links":{"self":[{"href":"https:\/\/corrientesdetarde.com\/index.php\/wp-json\/wp\/v2\/posts\/146092","targetHints":{"allow":["GET"]}}],"collection":[{"href":"https:\/\/corrientesdetarde.com\/index.php\/wp-json\/wp\/v2\/posts"}],"about":[{"href":"https:\/\/corrientesdetarde.com\/index.php\/wp-json\/wp\/v2\/types\/post"}],"author":[{"embeddable":true,"href":"https:\/\/corrientesdetarde.com\/index.php\/wp-json\/wp\/v2\/users\/4"}],"replies":[{"embeddable":true,"href":"https:\/\/corrientesdetarde.com\/index.php\/wp-json\/wp\/v2\/comments?post=146092"}],"version-history":[{"count":1,"href":"https:\/\/corrientesdetarde.com\/index.php\/wp-json\/wp\/v2\/posts\/146092\/revisions"}],"predecessor-version":[{"id":146094,"href":"https:\/\/corrientesdetarde.com\/index.php\/wp-json\/wp\/v2\/posts\/146092\/revisions\/146094"}],"wp:featuredmedia":[{"embeddable":true,"href":"https:\/\/corrientesdetarde.com\/index.php\/wp-json\/wp\/v2\/media\/146093"}],"wp:attachment":[{"href":"https:\/\/corrientesdetarde.com\/index.php\/wp-json\/wp\/v2\/media?parent=146092"}],"wp:term":[{"taxonomy":"category","embeddable":true,"href":"https:\/\/corrientesdetarde.com\/index.php\/wp-json\/wp\/v2\/categories?post=146092"},{"taxonomy":"post_tag","embeddable":true,"href":"https:\/\/corrientesdetarde.com\/index.php\/wp-json\/wp\/v2\/tags?post=146092"}],"curies":[{"name":"wp","href":"https:\/\/api.w.org\/{rel}","templated":true}]}}