{"id":146165,"date":"2024-05-09T11:36:38","date_gmt":"2024-05-09T14:36:38","guid":{"rendered":"https:\/\/corrientesdetarde.com\/?p=146165"},"modified":"2024-05-09T11:36:49","modified_gmt":"2024-05-09T14:36:49","slug":"consumo-problematico-suman-dos-nuevos-centros-de-atencion","status":"publish","type":"post","link":"https:\/\/corrientesdetarde.com\/index.php\/informacion-general\/consumo-problematico-suman-dos-nuevos-centros-de-atencion\/","title":{"rendered":"CONSUMO PROBLEM\u00c1TICO: SUMAN DOS NUEVOS CENTROS DE ATENCI\u00d3N"},"content":{"rendered":"\n<p>Estar\u00e1n ubicados en los barrios Ciudades Correntinas y San Antonio Este. En los dos ya existentes atienden a unas 120 personas.&nbsp;<\/p>\n\n\n\n<p>En los barrios Independencia y Anah\u00ed funcionan en la actualidad dos centros de abordaje de las adicciones en preadolescentes y j\u00f3venes.<\/p>\n\n\n\n<p>En la actualidad en\u00a0 los centros de integraci\u00f3n comunitaria dependientes del municipio capitalino atienden a unos 120 menores y a sus familiares. Y ayer se anunci\u00f3 que se sumar\u00e1n dos nuevos centros, que estar\u00e1n ubicados en los CIC de los barrios Ciudades Correntinas y San Antonio Este.<\/p>\n\n\n\n<p>Los equipos t\u00e9cnicos est\u00e1n integrados por psic\u00f3logos, trabajadores sociales y docentes, entre otros profesionales, que asisten en forma la problem\u00e1tica de cientos de j\u00f3venes y adolescentes correntinos.&nbsp;<\/p>\n\n\n\n<p>El viceintendente de la Capital, Emilio Lanari, puntualiz\u00f3 que se hace \u00e9nfasis en el abordaje integral de las problem\u00e1ticas del consumo de estupefacientes. &#8220;Uno de los centros va a ser en el CIC Ciudades Correntinas, donde vamos a trabajar con la misma modalidad, con psic\u00f3logos, trabajadores sociales, operadores en psicolog\u00eda social y profesores, y vamos a abrir otro en el CIC del barrio San Antonio Este&#8221;, precis\u00f3.<\/p>\n\n\n\n<p><br>&nbsp;Respecto del centro en el San Antonio Este, indic\u00f3: &#8220;La Provincia, a trav\u00e9s del \u00c1rea Integral de Consumo Problem\u00e1tico del Ministerio de Desarrollo Social, est\u00e1 trabajando ya en ese lugar, as\u00ed que la Municipalidad y la Provincia vamos a compartir las instalaciones para que las personas interesadas puedan contar con un lugar de referencia donde puedan ser contenidos, escuchados y, de ser necesario, reciban tratamiento&#8221;.<\/p>\n\n\n\n<p><br>Lanari record\u00f3 que &#8220;desde el principio de la gesti\u00f3n hemos trabajado sobre todo en el Dispositivo Territorial Comunitario (DTC) del barrio Independencia como centro de referencia para acompa\u00f1amiento, contenci\u00f3n, detecci\u00f3n y tratamiento de los pacientes con consumo problem\u00e1tico&#8221;.<\/p>\n\n\n\n<p><br>&#8220;A lo largo del tiempo la experiencia nos ha demostrado que ese lugar resultaba insuficiente, ya que la ampliaci\u00f3n del consumo en los distintos barrios de la ciudad nos ha llevado a trabajar y abrir otro centro en el CIC Andresito del barrio Anah\u00ed, donde tambi\u00e9n tenemos un grupo de profesionales trabajando&#8221;, repas\u00f3.<\/p>\n\n\n\n<p><br>Adem\u00e1s, se\u00f1al\u00f3 que se trabaja en red con las diferentes \u00e1reas de Salud de la Municipalidad y de la Provincia, entre ellos, con profesionales del hospital de Salud Mental.<\/p>\n\n\n\n<p><br>Actualmente, entre ambos lugares, el viceintendente cont\u00f3 que &#8220;se est\u00e1 dando cobertura a 120 familias, porque son 120 personas que acuden a estos centros en busca de contenci\u00f3n y de preparaci\u00f3n para poder enfrentar la problem\u00e1tica de consumo, ya sea personal o del entorno familiar&#8221;.<br>&nbsp;<br>EJES FUNDAMENTALES<br>&nbsp;<br>Para afrontar la problem\u00e1tica, la Municipalidad se sustenta en tres ejes fundamentales. &#8220;El primero es informar y concientizar a los j\u00f3venes preadolescentes que todav\u00eda no han entrado en el consumo o que est\u00e1n siendo de alguna manera mirados como futuros posibles consumidores. Recordemos que el consumo problem\u00e1tico no abarca solamente las drogas duras, como marihuana, crack o coca\u00edna, sino tambi\u00e9n el alcoholismo que representa uno de los mayores problemas para nuestra comunidad, as\u00ed que nos vamos a enfocar en la concientizaci\u00f3n y en la prevenci\u00f3n en los grupos menores de 12 a\u00f1os&#8221;.<\/p>\n\n\n\n<p><br>&#8220;Adem\u00e1s, tenemos que acompa\u00f1ar, ense\u00f1ar y dar oportunidad de contenci\u00f3n a los grupos familiares porque la caracter\u00edstica fundamental de las adicciones es que tiende a romper el grupo familiar&#8221;, continu\u00f3. &#8220;La tercera pata del plan consiste en la formaci\u00f3n y capacitaci\u00f3n de l\u00edderes comunitarios.&nbsp;<\/p>\n\n\n\n<p><br>La coordinadora de Discapacidad e Inclusi\u00f3n Social del municipio, Mariana Montes, manifest\u00f3 que lo que se busca en los centros de referencia &#8220;es poder dar un espacio de contenci\u00f3n abierto a la comunidad para poder abordar las diferentes problem\u00e1ticas sociales como el consumo, en donde trabajamos de manera comunitaria, abordando lo que es la integralidad del sujeto en todo el contexto; a trav\u00e9s de este espacio buscamos contener a las personas, la restituci\u00f3n de derechos, la prevenci\u00f3n, la promoci\u00f3n de la salud y la disminuci\u00f3n de riesgos y da\u00f1os&#8221;.&nbsp;<\/p>\n\n\n\n<p><br>Montes se\u00f1al\u00f3 que en estos lugares &#8220;se brindan espacios de tratamiento, seguimiento, acompa\u00f1amiento y contenci\u00f3n del consumo problem\u00e1tico de sustancias&#8221;.<\/p>\n\n\n\n<p><br>Para recibir mayor informaci\u00f3n, los interesados pueden acercarse al DTC del barrio Independencia (calle 658 al 2100) y CIC Andresito (Cristo Obrero 345 del barrio Anah\u00ed), o bien al Instagram: @inclusionsocial.municorrientes.<\/p>\n","protected":false},"excerpt":{"rendered":"<p>Estar\u00e1n ubicados en los barrios Ciudades Correntinas y San Antonio Este. En los dos ya existentes atienden a unas 120 personas.&nbsp; En los barrios Independencia y Anah\u00ed funcionan en la&hellip; <\/p>\n","protected":false},"author":12,"featured_media":146195,"comment_status":"closed","ping_status":"open","sticky":false,"template":"","format":"standard","meta":{"footnotes":""},"categories":[1],"tags":[],"class_list":["post-146165","post","type-post","status-publish","format-standard","has-post-thumbnail","hentry","category-informacion-general"],"_links":{"self":[{"href":"https:\/\/corrientesdetarde.com\/index.php\/wp-json\/wp\/v2\/posts\/146165","targetHints":{"allow":["GET"]}}],"collection":[{"href":"https:\/\/corrientesdetarde.com\/index.php\/wp-json\/wp\/v2\/posts"}],"about":[{"href":"https:\/\/corrientesdetarde.com\/index.php\/wp-json\/wp\/v2\/types\/post"}],"author":[{"embeddable":true,"href":"https:\/\/corrientesdetarde.com\/index.php\/wp-json\/wp\/v2\/users\/12"}],"replies":[{"embeddable":true,"href":"https:\/\/corrientesdetarde.com\/index.php\/wp-json\/wp\/v2\/comments?post=146165"}],"version-history":[{"count":1,"href":"https:\/\/corrientesdetarde.com\/index.php\/wp-json\/wp\/v2\/posts\/146165\/revisions"}],"predecessor-version":[{"id":146196,"href":"https:\/\/corrientesdetarde.com\/index.php\/wp-json\/wp\/v2\/posts\/146165\/revisions\/146196"}],"wp:featuredmedia":[{"embeddable":true,"href":"https:\/\/corrientesdetarde.com\/index.php\/wp-json\/wp\/v2\/media\/146195"}],"wp:attachment":[{"href":"https:\/\/corrientesdetarde.com\/index.php\/wp-json\/wp\/v2\/media?parent=146165"}],"wp:term":[{"taxonomy":"category","embeddable":true,"href":"https:\/\/corrientesdetarde.com\/index.php\/wp-json\/wp\/v2\/categories?post=146165"},{"taxonomy":"post_tag","embeddable":true,"href":"https:\/\/corrientesdetarde.com\/index.php\/wp-json\/wp\/v2\/tags?post=146165"}],"curies":[{"name":"wp","href":"https:\/\/api.w.org\/{rel}","templated":true}]}}