{"id":14619,"date":"2022-10-26T10:51:53","date_gmt":"2022-10-26T13:51:53","guid":{"rendered":"https:\/\/corrientesdetarde.com\/?p=14619"},"modified":"2022-10-26T10:51:57","modified_gmt":"2022-10-26T13:51:57","slug":"la-contundente-respuesta-de-l-gante-ante-la-aparicion-publica-de-su-padre-biologico","status":"publish","type":"post","link":"https:\/\/corrientesdetarde.com\/index.php\/espectaculos\/la-contundente-respuesta-de-l-gante-ante-la-aparicion-publica-de-su-padre-biologico\/","title":{"rendered":"<strong>La contundente respuesta de L-Gante ante la aparici\u00f3n p\u00fablica de su padre biol\u00f3gico<\/strong>"},"content":{"rendered":"\n<p>El cantante de cumbia 420 se refiri\u00f3 a las declaraciones que hizo Miguel \u00c1ngel Prosi, a quien vio por \u00faltima vez hace 17 a\u00f1os<\/p>\n\n\n\n<p>Tras la declaraciones de<strong>&nbsp;Miguel \u00c1ngel Prosi,<\/strong>&nbsp;su padre biol\u00f3gico<strong>, L-Gante<\/strong>&nbsp;decidi\u00f3 hablar sobre el tema, teniendo en cuenta que la \u00faltima vez que se hab\u00edan visto habr\u00eda sido hace 17 a\u00f1os y luego se distanci\u00f3.<\/p>\n\n\n\n<p>En reiteradas entrevistas, el cantante de cumbia 420 asegur\u00f3 que no tiene contacto con su pap\u00e1, ya que dej\u00f3 en claro que no sent\u00eda necesidad de acercarse. Sin embargo, esta vez decidi\u00f3 no quedarse callado, aunque fuera para reafirmar su postura.<\/p>\n\n\n\n<p>\u201cSiento que es m\u00e1s un descontrol, un hurac\u00e1n alrededor m\u00edo y yo, que estoy en el centro, me quedo quieto. Eso es lo que siento. Pero bueno, mientras no me complique\u2026\u201d, comenz\u00f3 diciendo el cantante en una nota que dio para<strong><em>&nbsp;Intrusos.<\/em><\/strong><\/p>\n\n\n\n<p>\u201cElla ni se mete y toma todo con pinzas para que no hablen giladas. No tenemos problemas con nadie. Siempre est\u00e1n las puertas abiertas\u201d, dijo Eli\u00e1n sobre c\u00f3mo reaccion\u00f3 su mam\u00e1 tras las declaraciones de su pap\u00e1.<\/p>\n\n\n\n<p>\u201cA \u00e9l no tengo ganas de verlo, pero tampoco estoy negado. \u00bfPara qu\u00e9 me voy a cargar con m\u00e1s cosas? Capaz que alg\u00fan d\u00eda que est\u00e9 al pedo, lo paso a visitar. No hay que renegar. Con \u00e9l no hay relaci\u00f3n. Yo nunca le dije \u2018pap\u00e1\u2019 a nadie. Vivo diciendo \u2018pap\u00e1\u2019, pero de onda\u201d, concluy\u00f3 ante las reiteradas preguntas de los panelistas del ciclo de Am\u00e9rica sobre c\u00f3mo era la relaci\u00f3n con su padre biol\u00f3gico.<\/p>\n\n\n\n<p>Horas atr\u00e1s,&nbsp;<strong>Miguel \u00c1ngel Prosi,<\/strong>&nbsp;el padre biol\u00f3gico del artista, rompi\u00f3 el silencio y dio una entrevista a la cuenta de Instagram&nbsp;<strong><em>LiveTvOk,<\/em><\/strong>que fue difundida en el ciclo&nbsp;<strong><em>Socios del espect\u00e1culo (El Trece)&nbsp;<\/em><\/strong>donde el hombre revel\u00f3 detalles de la relaci\u00f3n que mantiene con su hijo.<\/p>\n\n\n\n<p>\u201cA partir de los 5 a\u00f1os ya no lo veo m\u00e1s. Nos comunicamos por \u00faltima vez por WhatsApp el d\u00eda de mi cumplea\u00f1os -el 2 de julio- que me mand\u00f3 un saludo que dec\u00eda que ya nos \u00edbamos a ver, pero despu\u00e9s nada m\u00e1s\u201d, relat\u00f3 Miguel \u00c1ngel. Aunque, dej\u00f3 en claro que con la madre de&nbsp;<strong>L-Gante&nbsp;<\/strong>mantiene una relaci\u00f3n, pero que no hablan de las actividades de joven.<\/p>\n\n\n\n<p>\u201c\u00bfPor qu\u00e9 se rompi\u00f3 el v\u00ednculo con Eli\u00e1n?\u201d, le preguntaron durante la charla a&nbsp;<strong>Prosi.<\/strong>&nbsp;\u201cUna vez que lo fui a visitar a la casa, estaba la madre con una pareja y Eli\u00e1n le dijo \u2018pap\u00e1\u2019, eso fue cuando \u00e9l ten\u00eda entre cuatro y cinco a\u00f1os. Entonces, le dije a la madre que no estaba para hacer el papel de payaso. Y bueno ah\u00ed rompi el vinculo con la madre y no lo llev\u00f3 m\u00e1s a la casa donde yo viv\u00eda en Merlo\u201d, respondi\u00f3.<\/p>\n\n\n\n<p>En otro tramo de la charla, el padre del artista se refiri\u00f3 a los dichos de su hijo sobre su persona. \u201cLo que dijo fue con desprecio y ese es mi enojo porque yo no hablo y la verdad que no tienen nada que hablar, menos con ese desprecio-insisti\u00f3-. Ah\u00ed me di cuenta que la madre me estaba falseando, por eso no lo llam\u00e9 m\u00e1s y \u00e9l tampoco me llam\u00f3. M\u00e1s que ofendido me sent\u00ed dolido\u201d, asegur\u00f3.<\/p>\n","protected":false},"excerpt":{"rendered":"<p>El cantante de cumbia 420 se refiri\u00f3 a las declaraciones que hizo Miguel \u00c1ngel Prosi, a quien vio por \u00faltima vez hace 17 a\u00f1os Tras la declaraciones de&nbsp;Miguel \u00c1ngel Prosi,&nbsp;su&hellip; <\/p>\n","protected":false},"author":7,"featured_media":14620,"comment_status":"closed","ping_status":"open","sticky":false,"template":"","format":"standard","meta":{"footnotes":""},"categories":[19],"tags":[],"class_list":["post-14619","post","type-post","status-publish","format-standard","has-post-thumbnail","hentry","category-espectaculos"],"_links":{"self":[{"href":"https:\/\/corrientesdetarde.com\/index.php\/wp-json\/wp\/v2\/posts\/14619","targetHints":{"allow":["GET"]}}],"collection":[{"href":"https:\/\/corrientesdetarde.com\/index.php\/wp-json\/wp\/v2\/posts"}],"about":[{"href":"https:\/\/corrientesdetarde.com\/index.php\/wp-json\/wp\/v2\/types\/post"}],"author":[{"embeddable":true,"href":"https:\/\/corrientesdetarde.com\/index.php\/wp-json\/wp\/v2\/users\/7"}],"replies":[{"embeddable":true,"href":"https:\/\/corrientesdetarde.com\/index.php\/wp-json\/wp\/v2\/comments?post=14619"}],"version-history":[{"count":1,"href":"https:\/\/corrientesdetarde.com\/index.php\/wp-json\/wp\/v2\/posts\/14619\/revisions"}],"predecessor-version":[{"id":14621,"href":"https:\/\/corrientesdetarde.com\/index.php\/wp-json\/wp\/v2\/posts\/14619\/revisions\/14621"}],"wp:featuredmedia":[{"embeddable":true,"href":"https:\/\/corrientesdetarde.com\/index.php\/wp-json\/wp\/v2\/media\/14620"}],"wp:attachment":[{"href":"https:\/\/corrientesdetarde.com\/index.php\/wp-json\/wp\/v2\/media?parent=14619"}],"wp:term":[{"taxonomy":"category","embeddable":true,"href":"https:\/\/corrientesdetarde.com\/index.php\/wp-json\/wp\/v2\/categories?post=14619"},{"taxonomy":"post_tag","embeddable":true,"href":"https:\/\/corrientesdetarde.com\/index.php\/wp-json\/wp\/v2\/tags?post=14619"}],"curies":[{"name":"wp","href":"https:\/\/api.w.org\/{rel}","templated":true}]}}