{"id":146291,"date":"2024-05-09T15:57:30","date_gmt":"2024-05-09T18:57:30","guid":{"rendered":"https:\/\/corrientesdetarde.com\/?p=146291"},"modified":"2024-05-09T15:57:42","modified_gmt":"2024-05-09T18:57:42","slug":"el-gobierno-vacunara-contra-el-dengue-en-zonas-endemicas-del-pais-a-quienes-les-correspondera","status":"publish","type":"post","link":"https:\/\/corrientesdetarde.com\/index.php\/bienestar-y-salud\/el-gobierno-vacunara-contra-el-dengue-en-zonas-endemicas-del-pais-a-quienes-les-correspondera\/","title":{"rendered":"El Gobierno vacunar\u00e1 contra el dengue en zonas end\u00e9micas del pa\u00eds: a qui\u00e9nes les corresponder\u00e1"},"content":{"rendered":"\n<p><a href=\"https:\/\/tn.com.ar\/autor\/Guillermo+Lobo\/\"><\/a><\/p>\n\n\n\n<p>Aclaran que no es una inmunizaci\u00f3n para incorporar al Calendario Nacional para todas las jurisdicciones. Se plantea como una estrategia focalizada.<\/p>\n\n\n\n<p>Las infecciones por dengue son r\u00e9cord y por primera vez, los expertos advierten que se notificaron casos durante todo el a\u00f1o, cuando lo habitual era que en los meses fr\u00edos de invierno no hubiera contagios. Esto se debe al impacto del<strong>\u00a0cambio clim\u00e1tico\u00a0<\/strong>en el comportamiento del mosquito.<\/p>\n\n\n\n<p>La recomendaci\u00f3n de la mayor\u00eda de los expertos es hacer una&nbsp;<strong>vacunaci\u00f3n focalizada y segmentada.&nbsp;<\/strong>El principal lugar donde poner el foco es en zonas donde hay&nbsp;<strong>circulaci\u00f3n intensiva<\/strong>, con&nbsp;<strong>alt\u00edsimas tasas de enfermedad en forma end\u00e9mica. Y es lo que se decidi\u00f3 ahora.<\/strong><\/p>\n\n\n\n<p>El pa\u00eds incorporar\u00e1 la vacuna contra el dengue a un plan de trabajo con las provincias para evitar una epidemia por tercer a\u00f1o consecutivo y con la magnitud que alcanz\u00f3 la de esta temporada. La determinaci\u00f3n la dio a conocer en las \u00faltimas horas el Ministerio de Salud de la Naci\u00f3n luego de que la&nbsp;<strong>Comisi\u00f3n Nacional de Inmunizaciones<\/strong>&nbsp;(Conain) llegara a una recomendaci\u00f3n a partir de nuevos datos relevados en los \u00faltimos meses.<\/p>\n\n\n\n<figure class=\"wp-block-image\"><img decoding=\"async\" src=\"https:\/\/tn.com.ar\/resizer\/RFobB77yavSmtM7gmt950E16hWk=\/767x0\/smart\/filters:format(webp)\/cloudfront-us-east-1.images.arcpublishing.com\/artear\/XYHLJTE2CFAP3IQYF5CC5BPKSA\" alt=\"La medida m\u00e1s importante de prevenci\u00f3n es la eliminaci\u00f3n de todos los criaderos de mosquitos. REUTERS\/Agustin Marcarian\"\/><\/figure>\n\n\n\n<p>\u201cComo hemos venido diciendo desde que asumimos, siempre nos vamos a apoyar en la&nbsp;<strong>evidencia cient\u00edfica<\/strong>&nbsp;y en los datos para tomar decisiones. Hoy tenemos las recomendaciones de CONAIN y vamos a definir junto con las provincias la estrategia de inmunizaci\u00f3n focalizada en zonas end\u00e9micas y de alta circulaci\u00f3n, como una herramienta m\u00e1s dentro del Plan Integral que estamos presentando\u201d, expres\u00f3 el ministro de Salud de la Naci\u00f3n, Mario Russo.<\/p>\n\n\n\n<h2 class=\"wp-block-heading\">Zonas end\u00e9micas<\/h2>\n\n\n\n<p>La vacunaci\u00f3n ser\u00e1 focalizada en las zonas end\u00e9micas del pa\u00eds con alta circulaci\u00f3n viral, como las<strong>&nbsp;provincias del norte del pa\u00eds.&nbsp;<\/strong>Ser\u00e1 apenas una herramienta m\u00e1s de un conjunto de medidas que, aunque son conocidas, los m\u00e1s de 400.000 casos y los 301 fallecidos oficializados hasta, demuestran que no se pusieron en pr\u00e1ctica a pesar de las se\u00f1ales de alarma que se activaron durante el a\u00f1o pasado.<\/p>\n\n\n\n<figure class=\"wp-block-image\"><img decoding=\"async\" src=\"https:\/\/tn.com.ar\/resizer\/CVjgdkgYcQb3mUXmfOUqL2gQcW4=\/767x0\/smart\/filters:format(webp)\/cloudfront-us-east-1.images.arcpublishing.com\/artear\/BJU4XEEJARRZ3JMTYOHYT7VHRA.jpg\" alt=\"El Hospital Bicentenario General Guemes del Castelli Chaco no tiene reactivo para hacer an\u00e1lisis del Dengue\"\/><\/figure>\n\n\n\n<p>Esas medidas incluyen desde<strong>&nbsp;reducir la presencia del mosquito vector<\/strong>&nbsp;con la eliminaci\u00f3n de reservorios en los domicilios y el espacio p\u00fablico durante los pr\u00f3ximos meses hasta la detecci\u00f3n m\u00e1s r\u00e1pida de nuevos casos para intervenir a tiempo en los domicilios y eliminar el mosquito vector, adem\u00e1s del diagn\u00f3stico adecuado y la atenci\u00f3n oportuna para disminuir formas grave de la enfermedad.<\/p>\n\n\n\n<h2 class=\"wp-block-heading\">Sobre la vacuna: recomendaciones de la CONAIN<\/h2>\n\n\n\n<ol class=\"wp-block-list\">\n<li>Seg\u00fan la situaci\u00f3n epidemiol\u00f3gica actual, no es una vacuna para incorporar al Calendario Nacional para todas las jurisdicciones del pa\u00eds. Se plantea como una estrategia focalizada.<\/li>\n\n\n\n<li>La estrategia focalizada de vacunaci\u00f3n tendr\u00e1 como poblaci\u00f3n objetivo las personas de<strong>\u00a015 a 39 a\u00f1os<\/strong>\u00a0en departamentos priorizados seg\u00fan situaci\u00f3n epidemiol\u00f3gica. Se dar\u00e1 inicio por etapas con la poblaci\u00f3n de 15 a 19 a\u00f1os y se avanzar\u00e1 de manera din\u00e1mica, progresiva, y escalonada de acuerdo con la disponibilidad de vacunas y seg\u00fan las estrategias ya implementadas por las jurisdicciones. Es fundamental el comienzo antes del periodo de mayor circulaci\u00f3n viral a lo fin de completar el esquema previsto y la priorizaci\u00f3n de la poblaci\u00f3n seropositiva, desde lo comunicacional, en las jurisdicciones seleccionadas. No hay datos actuales disponibles sobre campa\u00f1as reactivas para frenar brotes epid\u00e9micos con la vacuna contra el dengue.<\/li>\n\n\n\n<li>Esta estrategia se debe acompa\u00f1ar de una vigilancia intensificada de la seguridad de la vacuna. Se acuerda avanzar con los estudios econ\u00f3micos y de efectividad.<\/li>\n<\/ol>\n","protected":false},"excerpt":{"rendered":"<p>Aclaran que no es una inmunizaci\u00f3n para incorporar al Calendario Nacional para todas las jurisdicciones. Se plantea como una estrategia focalizada. Las infecciones por dengue son r\u00e9cord y por primera&hellip; <\/p>\n","protected":false},"author":8,"featured_media":146292,"comment_status":"closed","ping_status":"open","sticky":false,"template":"","format":"standard","meta":{"footnotes":""},"categories":[16],"tags":[],"class_list":["post-146291","post","type-post","status-publish","format-standard","has-post-thumbnail","hentry","category-bienestar-y-salud"],"_links":{"self":[{"href":"https:\/\/corrientesdetarde.com\/index.php\/wp-json\/wp\/v2\/posts\/146291","targetHints":{"allow":["GET"]}}],"collection":[{"href":"https:\/\/corrientesdetarde.com\/index.php\/wp-json\/wp\/v2\/posts"}],"about":[{"href":"https:\/\/corrientesdetarde.com\/index.php\/wp-json\/wp\/v2\/types\/post"}],"author":[{"embeddable":true,"href":"https:\/\/corrientesdetarde.com\/index.php\/wp-json\/wp\/v2\/users\/8"}],"replies":[{"embeddable":true,"href":"https:\/\/corrientesdetarde.com\/index.php\/wp-json\/wp\/v2\/comments?post=146291"}],"version-history":[{"count":1,"href":"https:\/\/corrientesdetarde.com\/index.php\/wp-json\/wp\/v2\/posts\/146291\/revisions"}],"predecessor-version":[{"id":146293,"href":"https:\/\/corrientesdetarde.com\/index.php\/wp-json\/wp\/v2\/posts\/146291\/revisions\/146293"}],"wp:featuredmedia":[{"embeddable":true,"href":"https:\/\/corrientesdetarde.com\/index.php\/wp-json\/wp\/v2\/media\/146292"}],"wp:attachment":[{"href":"https:\/\/corrientesdetarde.com\/index.php\/wp-json\/wp\/v2\/media?parent=146291"}],"wp:term":[{"taxonomy":"category","embeddable":true,"href":"https:\/\/corrientesdetarde.com\/index.php\/wp-json\/wp\/v2\/categories?post=146291"},{"taxonomy":"post_tag","embeddable":true,"href":"https:\/\/corrientesdetarde.com\/index.php\/wp-json\/wp\/v2\/tags?post=146291"}],"curies":[{"name":"wp","href":"https:\/\/api.w.org\/{rel}","templated":true}]}}