{"id":146294,"date":"2024-05-09T16:00:52","date_gmt":"2024-05-09T19:00:52","guid":{"rendered":"https:\/\/corrientesdetarde.com\/?p=146294"},"modified":"2024-05-09T16:01:04","modified_gmt":"2024-05-09T19:01:04","slug":"asi-fue-el-rescate-de-caramelo-el-caballo-que-quedo-atrapado-en-un-techo-por-las-inundaciones-en-brasil","status":"publish","type":"post","link":"https:\/\/corrientesdetarde.com\/index.php\/internacionales\/asi-fue-el-rescate-de-caramelo-el-caballo-que-quedo-atrapado-en-un-techo-por-las-inundaciones-en-brasil\/","title":{"rendered":"As\u00ed fue el rescate de \u201cCaramelo\u201d, el caballo que qued\u00f3 atrapado en un techo por las inundaciones en Brasil"},"content":{"rendered":"\n<p>El animal estuvo varios d\u00edas en la parte alta de una casa cubierta por las aguas en la ciudad de Canoas, en la periferia de Porto Alegre, y se convirti\u00f3 en un s\u00edmbolo de la tragedia que afronta el pa\u00eds.<\/p>\n\n\n\n<p>\u201cCaramelo\u201d,\u00a0  el caballo cuya imagen aislado sobre un techo rodeado de agua recorri\u00f3 el mundo, fue finalmente rescatado en un operativo celebrado este jueves en el sur de Brasil.<\/p>\n\n\n\n<p>\u201cLa imagen de ese caballo\u201d representa el \u201csufrimiento de miles de personas\u201d, dijo el presidente Luiz In\u00e1cio Lula da Silva. Su esposa dijo que en realidad se trata de una yegua.<\/p>\n\n\n\n<p>El equino permaneci\u00f3 durante d\u00edas en un tejado, lo \u00fanico que sobresal\u00eda de una casa en medio de la inundaci\u00f3n en la ciudad de Canoas, una de las m\u00e1s afectadas por los temporales que han dejado una enorme destrucci\u00f3n el sur de Brasil.<\/p>\n\n\n\n<p>Las intensas lluvias ca\u00eddas en la \u00faltima semana caus\u00f3 al menos 108 muertos, 138 desaparecidos y 1,4 millones de personas afectadas. Se estima que hay 425 municipios bajo el agua.<\/p>\n\n\n\n<h2 class=\"wp-block-heading\">C\u00f3mo fue el rescate de \u201cCaramelo\u201d<\/h2>\n\n\n\n<p>La noticia del rescate se conoci\u00f3 a trav\u00e9s de la primera dama,&nbsp;<strong>Janja Lula da Silva<\/strong>.<\/p>\n\n\n\n<p>En un mensaje en X, public\u00f3 un video en la que se la ve interrumpir en un escenario a Lula y susurrarle algo al oido. \u201cDando buenas noticias del rescate de Caramela. PD: Descubrimos que es una yegua\u201d, dijo.<\/p>\n\n\n\n<figure class=\"wp-block-image\"><img decoding=\"async\" src=\"https:\/\/tn.com.ar\/resizer\/rBP5fze4XUpB29_y7Kaa7PK0N-I=\/767x0\/smart\/filters:format(webp)\/cloudfront-us-east-1.images.arcpublishing.com\/artear\/S7UWJ4HJI5CMTFYFGBJMZ74FTM.JPG\" alt=\"El posteo de Janja Lula da Silva (Foto: X\/@janjalula)\"\/><\/figure>\n\n\n\n<p>Sin embargo, el diario local<em>&nbsp;Hora Zero&nbsp;<\/em>dijo que es un macho de 6 o 7 a\u00f1os.<\/p>\n\n\n\n<p>\u201cNo puedo imaginar qu\u00e9 estar\u00eda pensando ese caballo en ese tiempo que estuvo en el tejado\u201d, pero \u201cespero que nadie lo monte durante un buen tiempo, porque ahora merece un descanso\u201d, dijo Lula.<\/p>\n\n\n\n<p>El operativo de rescate fue realizado por efectivos del Cuerpo de Bomberos y veterinarios del Ej\u00e9rcito. El equipo, conformado por al menos una decena de personas, fue en lanchas inflables hasta el lugar, evaluaron las condiciones del animal, lo sedaron y lo embarcaron en uno de los botes.<\/p>\n\n\n\n<p>Seg\u00fan&nbsp;<em>Hora Zero<\/em>, en la compleja operaci\u00f3n participaron 11 rescatistas y cinco botes. El animal pesa 350 kilos y fue llevado a un lugar seguro. El rescate dur\u00f3 una hora y 18 minutos.<\/p>\n\n\n\n<figure class=\"wp-block-image\"><img decoding=\"async\" src=\"https:\/\/tn.com.ar\/resizer\/_XnexG6cOB6ehExbP9xkGIlDDLk=\/767x0\/smart\/filters:format(webp)\/cloudfront-us-east-1.images.arcpublishing.com\/artear\/VDL5ETCR6FHCHMUIZMLY7IA2PQ.jpeg\" alt=\"El operativo de rescate fue transmitido por Globo News (Foto: captura)\"\/><\/figure>\n\n\n\n<p>\u201cCaramelo\u201d (O \u201cCaramela\u201d seg\u00fan la primera dama) fue llevado al Hospital Veterinario de Ulbra, en Canoas, para realizarle ex\u00e1menes y recibir cuidados espec\u00edficos.<\/p>\n\n\n\n<p>\u2018Janja\u2019 ha viajado varias veces a R\u00edo Grande do Sul desde el inicio del desastre y visitado varios abrigos para animales. En uno de ellos decidi\u00f3 \u201cadoptar\u201d una perra, que ha bautizado \u201cEsperanza\u201d y se ha sumado a otros dos canes que tiene la familia presidencial.<\/p>\n","protected":false},"excerpt":{"rendered":"<p>El animal estuvo varios d\u00edas en la parte alta de una casa cubierta por las aguas en la ciudad de Canoas, en la periferia de Porto Alegre, y se convirti\u00f3&hellip; <\/p>\n","protected":false},"author":8,"featured_media":146295,"comment_status":"closed","ping_status":"open","sticky":false,"template":"","format":"standard","meta":{"footnotes":""},"categories":[11],"tags":[],"class_list":["post-146294","post","type-post","status-publish","format-standard","has-post-thumbnail","hentry","category-internacionales"],"_links":{"self":[{"href":"https:\/\/corrientesdetarde.com\/index.php\/wp-json\/wp\/v2\/posts\/146294","targetHints":{"allow":["GET"]}}],"collection":[{"href":"https:\/\/corrientesdetarde.com\/index.php\/wp-json\/wp\/v2\/posts"}],"about":[{"href":"https:\/\/corrientesdetarde.com\/index.php\/wp-json\/wp\/v2\/types\/post"}],"author":[{"embeddable":true,"href":"https:\/\/corrientesdetarde.com\/index.php\/wp-json\/wp\/v2\/users\/8"}],"replies":[{"embeddable":true,"href":"https:\/\/corrientesdetarde.com\/index.php\/wp-json\/wp\/v2\/comments?post=146294"}],"version-history":[{"count":1,"href":"https:\/\/corrientesdetarde.com\/index.php\/wp-json\/wp\/v2\/posts\/146294\/revisions"}],"predecessor-version":[{"id":146296,"href":"https:\/\/corrientesdetarde.com\/index.php\/wp-json\/wp\/v2\/posts\/146294\/revisions\/146296"}],"wp:featuredmedia":[{"embeddable":true,"href":"https:\/\/corrientesdetarde.com\/index.php\/wp-json\/wp\/v2\/media\/146295"}],"wp:attachment":[{"href":"https:\/\/corrientesdetarde.com\/index.php\/wp-json\/wp\/v2\/media?parent=146294"}],"wp:term":[{"taxonomy":"category","embeddable":true,"href":"https:\/\/corrientesdetarde.com\/index.php\/wp-json\/wp\/v2\/categories?post=146294"},{"taxonomy":"post_tag","embeddable":true,"href":"https:\/\/corrientesdetarde.com\/index.php\/wp-json\/wp\/v2\/tags?post=146294"}],"curies":[{"name":"wp","href":"https:\/\/api.w.org\/{rel}","templated":true}]}}