{"id":146388,"date":"2024-05-10T09:58:53","date_gmt":"2024-05-10T12:58:53","guid":{"rendered":"https:\/\/corrientesdetarde.com\/?p=146388"},"modified":"2024-05-10T10:00:43","modified_gmt":"2024-05-10T13:00:43","slug":"toda-la-pasion-en-marcha-arranca-la-liga-profesional-2024-sin-descanso-para-el-futbol-argentino","status":"publish","type":"post","link":"https:\/\/corrientesdetarde.com\/index.php\/deportes\/toda-la-pasion-en-marcha-arranca-la-liga-profesional-2024-sin-descanso-para-el-futbol-argentino\/","title":{"rendered":"TODA LA PASI\u00d3N EN MARCHA: ARRANCA LA LIGA PROFESIONAL 2024 SIN DESCANSO PARA EL F\u00daTBOL ARGENTINO"},"content":{"rendered":"\n<p>(Coco Ram\u00f3n) &#8211; El f\u00fatbol argentino no conoce pausas. Tras la coronaci\u00f3n de Estudiantes de La Plata en la Copa de la Liga en Santiago del Estero, los equipos se preparan para una nueva edici\u00f3n de la Liga Profesional, que constar\u00e1 de 27 jornadas con el formato todos contra todos. La emoci\u00f3n comienza con tres partidos inaugurales (Sarmiento de Jun\u00edn vs Instituto; Argentinos Juniors vs Rosario Central y Newell\u2019s vs Platense), destac\u00e1ndose el debut de River Plate frente a Central C\u00f3rdoba el s\u00e1bado a las 19.45, y el de Boca Juniors contra Atl\u00e9tico Tucum\u00e1n el domingo a las 20.15.<\/p>\n\n\n\n<figure class=\"wp-block-embed is-type-video is-provider-youtube wp-block-embed-youtube wp-embed-aspect-16-9 wp-has-aspect-ratio\"><div class=\"wp-block-embed__wrapper\">\n<iframe loading=\"lazy\" title=\"Termino el campeonato pero empieza otro\" width=\"1110\" height=\"624\" src=\"https:\/\/www.youtube.com\/embed\/uJw8amhD8XQ?feature=oembed\" frameborder=\"0\" allow=\"accelerometer; autoplay; clipboard-write; encrypted-media; gyroscope; picture-in-picture; web-share\" referrerpolicy=\"strict-origin-when-cross-origin\" allowfullscreen><\/iframe>\n<\/div><\/figure>\n\n\n\n<p>El t\u00edtulo se definir\u00e1 por la acumulaci\u00f3n de puntos, pero tambi\u00e9n hay plazas en juego para competiciones internacionales. Los cupos directos para la Copa Libertadores del pr\u00f3ximo a\u00f1o est\u00e1n reservados para Estudiantes (por su reciente t\u00edtulo), el campe\u00f3n de la Liga Profesional y el ganador de la Copa Argentina. Adem\u00e1s, se otorgar\u00e1n tres plazas seg\u00fan la Tabla Anual, que suma los puntos de la Copa de Liga y la Liga Profesional, excluyendo a los campeones mencionados. Los equipos que terminen entre el quinto y el d\u00e9cimo lugar de esta tabla tendr\u00e1n asegurado un lugar en la Copa Sudamericana 2025.<\/p>\n\n\n\n<p>En cuanto al descenso, se aplicar\u00e1 la misma metodolog\u00eda que en 2023: uno por promedio y otro por la Tabla Anual. En caso de que un equipo ocupe el \u00faltimo puesto en ambas posiciones, se considerar\u00e1 al pen\u00faltimo del promedio para el descenso a la Segunda Categor\u00eda.<\/p>\n\n\n\n<p>Es importante tener en cuenta que el torneo sufrir\u00e1 un receso durante la Copa Am\u00e9rica que se celebrar\u00e1 en Estados Unidos, desde el 20 de junio hasta el 14 de julio. Durante este per\u00edodo, se disputar\u00e1n solo cuatro fechas entre semana, y se prev\u00e9 que la \u00faltima jornada tenga lugar el 15 de diciembre. El Trofeo de Campeones se disputar\u00e1 el domingo 22 de diciembre.<\/p>\n","protected":false},"excerpt":{"rendered":"<p>(Coco Ram\u00f3n) &#8211; El f\u00fatbol argentino no conoce pausas. Tras la coronaci\u00f3n de Estudiantes de La Plata en la Copa de la Liga en Santiago del Estero, los equipos se&hellip; <\/p>\n","protected":false},"author":11,"featured_media":146389,"comment_status":"closed","ping_status":"open","sticky":false,"template":"","format":"standard","meta":{"footnotes":""},"categories":[4],"tags":[997,548,504,503],"class_list":["post-146388","post","type-post","status-publish","format-standard","has-post-thumbnail","hentry","category-deportes","tag-america","tag-copa","tag-futbol","tag-liga"],"_links":{"self":[{"href":"https:\/\/corrientesdetarde.com\/index.php\/wp-json\/wp\/v2\/posts\/146388","targetHints":{"allow":["GET"]}}],"collection":[{"href":"https:\/\/corrientesdetarde.com\/index.php\/wp-json\/wp\/v2\/posts"}],"about":[{"href":"https:\/\/corrientesdetarde.com\/index.php\/wp-json\/wp\/v2\/types\/post"}],"author":[{"embeddable":true,"href":"https:\/\/corrientesdetarde.com\/index.php\/wp-json\/wp\/v2\/users\/11"}],"replies":[{"embeddable":true,"href":"https:\/\/corrientesdetarde.com\/index.php\/wp-json\/wp\/v2\/comments?post=146388"}],"version-history":[{"count":3,"href":"https:\/\/corrientesdetarde.com\/index.php\/wp-json\/wp\/v2\/posts\/146388\/revisions"}],"predecessor-version":[{"id":146393,"href":"https:\/\/corrientesdetarde.com\/index.php\/wp-json\/wp\/v2\/posts\/146388\/revisions\/146393"}],"wp:featuredmedia":[{"embeddable":true,"href":"https:\/\/corrientesdetarde.com\/index.php\/wp-json\/wp\/v2\/media\/146389"}],"wp:attachment":[{"href":"https:\/\/corrientesdetarde.com\/index.php\/wp-json\/wp\/v2\/media?parent=146388"}],"wp:term":[{"taxonomy":"category","embeddable":true,"href":"https:\/\/corrientesdetarde.com\/index.php\/wp-json\/wp\/v2\/categories?post=146388"},{"taxonomy":"post_tag","embeddable":true,"href":"https:\/\/corrientesdetarde.com\/index.php\/wp-json\/wp\/v2\/tags?post=146388"}],"curies":[{"name":"wp","href":"https:\/\/api.w.org\/{rel}","templated":true}]}}