{"id":146469,"date":"2024-05-10T21:30:27","date_gmt":"2024-05-11T00:30:27","guid":{"rendered":"https:\/\/corrientesdetarde.com\/?p=146469"},"modified":"2024-05-10T21:30:31","modified_gmt":"2024-05-11T00:30:31","slug":"alvear-cinco-detenidos-tras-feroz-balacera-entre-dos-bandas-en-el-interior-de-corrientes","status":"publish","type":"post","link":"https:\/\/corrientesdetarde.com\/index.php\/policiales\/alvear-cinco-detenidos-tras-feroz-balacera-entre-dos-bandas-en-el-interior-de-corrientes\/","title":{"rendered":"Alvear: Cinco detenidos tras feroz balacera entre dos bandas en el interior de Corrientes"},"content":{"rendered":"\n<p>Una feroz balacera rompi\u00f3 anoche la habitual tranquilidad de la localidad correntina de Alvear. En inmediaciones de la Terminal, dos bandas se enfrentaron &#8220;a los tiros&#8221; por causas que a\u00fan son materia de investigaci\u00f3n para la Polic\u00eda. Cinco sujetos terminaron detenidos.<\/p>\n\n\n\n<p>Efectivos policiales dependientes de la Comisaria de Distrito Alvear fueron alertados que en cercan\u00edas de la Colectora Sur casi frente a la Terminal se hallaban varios sujetos a bordo de motocicletas y bicicletas efectuando disparos de arma de fuego.<\/p>\n\n\n\n<p>Por tal motivo, de forma inmediata y en forma conjunta con personal motorizado y grupo PAR de esa localidad, se dirigieron hasta el lugar, donde lograron identificar y demorar a cinco sujetos mayores de edad, y al secuestro de dos motocicletas y una bicicleta, quienes en principio se habr\u00edan resistido al procedimiento.<\/p>\n\n\n\n<figure class=\"wp-block-image\"><img decoding=\"async\" src=\"https:\/\/www.diarioepoca.com\/content\/bucket\/1\/1362101w790h815c.jpg.webp\" alt=\"\"\/><\/figure>\n\n\n\n<p>Asi tambi\u00e9n, en poder de uno de ellos se logr\u00f3 secuestrar un arma de fuego \u2013revolver calibre 22- y cinco cartuchos.<\/p>\n\n\n\n<p>Al respecto, los demorados y los elementos secuestrados fueron puestos a disposici\u00f3n de las autoridades judiciales en turno a fin de continuar con las diligencias del caso.<\/p>\n","protected":false},"excerpt":{"rendered":"<p>Una feroz balacera rompi\u00f3 anoche la habitual tranquilidad de la localidad correntina de Alvear. En inmediaciones de la Terminal, dos bandas se enfrentaron &#8220;a los tiros&#8221; por causas que a\u00fan&hellip; <\/p>\n","protected":false},"author":4,"featured_media":146504,"comment_status":"closed","ping_status":"open","sticky":false,"template":"","format":"standard","meta":{"footnotes":""},"categories":[33],"tags":[],"class_list":["post-146469","post","type-post","status-publish","format-standard","has-post-thumbnail","hentry","category-policiales"],"_links":{"self":[{"href":"https:\/\/corrientesdetarde.com\/index.php\/wp-json\/wp\/v2\/posts\/146469","targetHints":{"allow":["GET"]}}],"collection":[{"href":"https:\/\/corrientesdetarde.com\/index.php\/wp-json\/wp\/v2\/posts"}],"about":[{"href":"https:\/\/corrientesdetarde.com\/index.php\/wp-json\/wp\/v2\/types\/post"}],"author":[{"embeddable":true,"href":"https:\/\/corrientesdetarde.com\/index.php\/wp-json\/wp\/v2\/users\/4"}],"replies":[{"embeddable":true,"href":"https:\/\/corrientesdetarde.com\/index.php\/wp-json\/wp\/v2\/comments?post=146469"}],"version-history":[{"count":1,"href":"https:\/\/corrientesdetarde.com\/index.php\/wp-json\/wp\/v2\/posts\/146469\/revisions"}],"predecessor-version":[{"id":146505,"href":"https:\/\/corrientesdetarde.com\/index.php\/wp-json\/wp\/v2\/posts\/146469\/revisions\/146505"}],"wp:featuredmedia":[{"embeddable":true,"href":"https:\/\/corrientesdetarde.com\/index.php\/wp-json\/wp\/v2\/media\/146504"}],"wp:attachment":[{"href":"https:\/\/corrientesdetarde.com\/index.php\/wp-json\/wp\/v2\/media?parent=146469"}],"wp:term":[{"taxonomy":"category","embeddable":true,"href":"https:\/\/corrientesdetarde.com\/index.php\/wp-json\/wp\/v2\/categories?post=146469"},{"taxonomy":"post_tag","embeddable":true,"href":"https:\/\/corrientesdetarde.com\/index.php\/wp-json\/wp\/v2\/tags?post=146469"}],"curies":[{"name":"wp","href":"https:\/\/api.w.org\/{rel}","templated":true}]}}