{"id":146470,"date":"2024-05-10T21:27:19","date_gmt":"2024-05-11T00:27:19","guid":{"rendered":"https:\/\/corrientesdetarde.com\/?p=146470"},"modified":"2024-05-10T21:27:22","modified_gmt":"2024-05-11T00:27:22","slug":"desarticularon-una-banda-narco-ligada-a-los-monos-tras-allanamientos-en-corrientes-y-otras-provincias","status":"publish","type":"post","link":"https:\/\/corrientesdetarde.com\/index.php\/policiales\/desarticularon-una-banda-narco-ligada-a-los-monos-tras-allanamientos-en-corrientes-y-otras-provincias\/","title":{"rendered":"Desarticularon una banda narco ligada a &#8220;Los Monos&#8221; tras allanamientos en Corrientes y otras provincias"},"content":{"rendered":"\n<p>En total detuvieron a 15 personas, inform\u00f3 el Ministerio de Seguridad.<\/p>\n\n\n\n<p>En un megaoperativo llevado a cabo en el marco del \u201cPlan Bandera\u201d,&nbsp;la Gendarmer\u00eda Nacional&nbsp;&nbsp;<strong>desmantel\u00f3 una banda vinculada al clan de \u201cLos Monos\u201d<\/strong>, informaron este viernes fuentes del Ministerio de Seguridad.&nbsp;<\/p>\n\n\n\n<p>Los 15 miembros de la organizaci\u00f3n fueron detenidos, con gran cantidad de armas y municiones, tras 21 allanamientos efectuados en&nbsp;&nbsp;<strong>Rosario, y en las provincias de Buenos Aires, Corrientes y Misiones.<\/strong><\/p>\n\n\n\n<figure class=\"wp-block-image\"><img decoding=\"async\" src=\"https:\/\/pxc.cdn.ellitoral.com.ar\/litoral\/052024\/1715377029256.webp?cw=1200&amp;ch=674&amp;extw=jpeg\" alt=\"Cay\u00f3 una banda vinculada a Los Monos, tras allanamientos en Corrientes y otras provincias\"\/><\/figure>\n\n\n\n<p>La investigaci\u00f3n que culmin\u00f3 con este operativo transcurri\u00f3 durante dos a\u00f1os y fue llevada a cabo por detectives del escuadr\u00f3n de Operaciones Antidrogas de la Gendarmer\u00eda Nacional, quienes colectaron las pruebas necesarias.<\/p>\n\n\n\n<p>La identificaci\u00f3n de la red criminal, compuesta en sus inicios por personas de origen gitano. &nbsp;se dio como consecuencia del asesinato de un barra brava en su domicilio.<\/p>\n\n\n\n<figure class=\"wp-block-image\"><img decoding=\"async\" src=\"https:\/\/pxc.cdn.ellitoral.com.ar\/litoral\/052024\/1715377032104.webp?cw=1200&amp;ch=900&amp;extw=jpeg\" alt=\"Cay\u00f3 una banda vinculada a Los Monos, tras allanamientos en Corrientes y otras provincias\"\/><\/figure>\n\n\n\n<p>Ante ese hecho, los efectivos determinaron que ese hombre hab\u00eda pertenecido a la banda de Leandro \u201cPollo\u201d Vinardi, vinculado a \u201cLos Monos\u201d y quien cumple una condena de 13 a\u00f1os de prisi\u00f3n, acusado por el crimen de Sergio Pared, ocurrido el 14 de febrero de 2013.<\/p>\n\n\n\n<p>De esta manera, luego de tareas de inteligencia coordinadas por el Juzgado Federal N\u00b0 4 y la Fiscal\u00eda Federal N\u00b0 2 de la ciudad de Rosario, junto con la Procuradur\u00eda de Narco Criminalidad (Procunar), a cargo del Fiscal Diego Iglesias, hoy se efectuaron 21 allanamientos simult\u00e1neos donde los gendarmes detuvieron a los 15 integrantes de la organizaci\u00f3n, secuestraron las armas y una cuantiosa suma de dinero en efectivo.<\/p>\n\n\n\n<figure class=\"wp-block-image\"><img decoding=\"async\" src=\"https:\/\/pxc.cdn.ellitoral.com.ar\/litoral\/052024\/1715377029785.webp?cw=1200&amp;ch=900&amp;extw=jpeg\" alt=\"Cay\u00f3 una banda vinculada a Los Monos, tras allanamientos en Corrientes y otras provincias\"\/><\/figure>\n","protected":false},"excerpt":{"rendered":"<p>En total detuvieron a 15 personas, inform\u00f3 el Ministerio de Seguridad. En un megaoperativo llevado a cabo en el marco del \u201cPlan Bandera\u201d,&nbsp;la Gendarmer\u00eda Nacional&nbsp;&nbsp;desmantel\u00f3 una banda vinculada al clan&hellip; <\/p>\n","protected":false},"author":4,"featured_media":146500,"comment_status":"closed","ping_status":"open","sticky":false,"template":"","format":"standard","meta":{"footnotes":""},"categories":[33],"tags":[],"class_list":["post-146470","post","type-post","status-publish","format-standard","has-post-thumbnail","hentry","category-policiales"],"_links":{"self":[{"href":"https:\/\/corrientesdetarde.com\/index.php\/wp-json\/wp\/v2\/posts\/146470","targetHints":{"allow":["GET"]}}],"collection":[{"href":"https:\/\/corrientesdetarde.com\/index.php\/wp-json\/wp\/v2\/posts"}],"about":[{"href":"https:\/\/corrientesdetarde.com\/index.php\/wp-json\/wp\/v2\/types\/post"}],"author":[{"embeddable":true,"href":"https:\/\/corrientesdetarde.com\/index.php\/wp-json\/wp\/v2\/users\/4"}],"replies":[{"embeddable":true,"href":"https:\/\/corrientesdetarde.com\/index.php\/wp-json\/wp\/v2\/comments?post=146470"}],"version-history":[{"count":1,"href":"https:\/\/corrientesdetarde.com\/index.php\/wp-json\/wp\/v2\/posts\/146470\/revisions"}],"predecessor-version":[{"id":146501,"href":"https:\/\/corrientesdetarde.com\/index.php\/wp-json\/wp\/v2\/posts\/146470\/revisions\/146501"}],"wp:featuredmedia":[{"embeddable":true,"href":"https:\/\/corrientesdetarde.com\/index.php\/wp-json\/wp\/v2\/media\/146500"}],"wp:attachment":[{"href":"https:\/\/corrientesdetarde.com\/index.php\/wp-json\/wp\/v2\/media?parent=146470"}],"wp:term":[{"taxonomy":"category","embeddable":true,"href":"https:\/\/corrientesdetarde.com\/index.php\/wp-json\/wp\/v2\/categories?post=146470"},{"taxonomy":"post_tag","embeddable":true,"href":"https:\/\/corrientesdetarde.com\/index.php\/wp-json\/wp\/v2\/tags?post=146470"}],"curies":[{"name":"wp","href":"https:\/\/api.w.org\/{rel}","templated":true}]}}